{"id":1104,"date":"2024-07-18T18:27:41","date_gmt":"2024-07-18T16:27:41","guid":{"rendered":"http:\/\/serwer168869.lh.pl\/autoinstalator\/serwer168869.lh.pl\/wordpress74863\/?p=1104"},"modified":"2024-07-18T18:27:41","modified_gmt":"2024-07-18T16:27:41","slug":"szkolenie-rodo-bialystok-dlaczego-warto-i-kto-powinien-z-niego-skorzystac","status":"publish","type":"post","link":"https:\/\/adwokatura-bialystok.pl\/index.php\/2024\/07\/18\/szkolenie-rodo-bialystok-dlaczego-warto-i-kto-powinien-z-niego-skorzystac\/","title":{"rendered":"Szkolenie RODO Bia\u0142ystok &#8211; dlaczego warto i kto powinien z niego skorzysta\u0107?"},"content":{"rendered":"<article>\n<h2>Czy moj\u0105 firm\u0119 dotycz\u0105 zmiany RODO?<\/h2>\n<p>Prowadzisz firm\u0119? Jeste\u015bmy przekonani, \u017ce zadawa\u0142e\u015b sobie pytanie czy g\u0142o\u015bne ostatnio <strong>RODO<\/strong> dotyczy prowadzonej przez Ciebie dzia\u0142alno\u015bci. Mo\u017cliwe, \u017ce zastanowieniu wysz\u0142o, ze <strong>RODO<\/strong> nie dotyczy Ciebie. Niestety mo\u017ce tak nie by\u0107. Zmiany, kt\u00f3re s\u0105 wprowadzane dotykaj\u0105 ogromnej wielko\u015bci firm.<br \/>\n<strong>RODO dotyczy wszystkich przedsi\u0119biorstw<\/strong>, kt\u00f3re przetwarzaj\u0105 dane osobowe. Nie s\u0105 to jedynie sklepy internetowe, kt\u00f3re gromadz\u0105 dane swoich Klient\u00f3w. Dobrym przyk\u0142adem innego rodzaju dzia\u0142alno\u015bci jest fundacja lub o\u015brodek pomocy, kt\u00f3ry prowadzi rejestr os\u00f3b, kt\u00f3rym stara si\u0119 pom\u00f3c. Rejestr ten musi by\u0107 bardzo dobrze chroniony pod rygorem <strong>ogromnych kar<\/strong> (o kt\u00f3rych by\u0142o w poprzednim wpisie na blogu &#8211; zapraszamy do lektury).<br \/>\nProwadzisz ma\u0142\u0105 firm\u0119 kuriersk\u0105 i w trakcie odbioru przesy\u0142ki otrzymujesz podpis osoby odbieraj\u0105cej na ekranie telefonu? Jest to przetwarzanie danych biometrycznych. Tego tak\u017ce dotyczy <strong>RODO<\/strong>.<br \/>\nLepiej si\u0119 upewni\u0107 jak przygotowa\u0107 do wej\u015bcia <strong>RODO<\/strong>.<\/p>\n<h2>RODO dotyczy mojej firmy. Jak si\u0119 przygotowa\u0107?<\/h2>\n<p><strong>Bardzo du\u017c\u0105 pomoc\u0105 w przygotowaniach do wej\u015bcia w \u017cycie RODO s\u0105 szkolenia z tego zakresu.<\/strong><\/p>\n<h2>Dla kogo s\u0105 szkolenia z RODO?<\/h2>\n<p>W skr\u00f3cie &#8211; dla ka\u017cdego. Oczywi\u015bcie wiadomym jest, \u017ce nie jest to odpowied\u017a satysfakcjonuj\u0105ca. Zale\u017cenie jak\u0105 funkcj\u0119 pe\u0142nisz w firmie to b\u0119d\u0105 Ci\u0119 interesowa\u0107 inne aspekty <strong>RODO<\/strong>.<br \/>\nJe\u017celi jeste\u015b w\u0142a\u015bcicielem firmy to wa\u017cne jest dla Ciebie to, jak przygotowa\u0107 swoje przedsi\u0119biorstwo na wej\u015bcie <strong>RODO<\/strong>. Chcesz wiedzie\u0107 kt\u00f3re z przepis\u00f3w musisz wdro\u017cy\u0107 oraz jak to zrobi\u0107.<br \/>\nJe\u017celi jeste\u015b pracownikiem firmy to interesuje Cie <strong>zrozumienie RODO<\/strong>. Pozwoli to na wykonywanie swojej pracy tak, aby nie \u0142ama\u0107 przepis\u00f3w.<br \/>\nPracujesz w dziale kard, w ksi\u0119gowo\u015bci lub jeste\u015b pracownikiem IT odpowiedzialnym za <strong>kwestie informatyczne dostosowanie do RODO<\/strong>? Naszym zdaniem <strong>konsultacja lub szkolenie z RODO<\/strong> jest niezb\u0119dne w takim przypadku. Jest to bardzo odpowiedzialna funkcja. Dla przyk\u0142adu &#8211; gdy pracujesz w dziale personalnym masz szanse pope\u0142ni\u0107 b\u0142\u0105d z zakresu ochrony danych osobowych. Nie jest to trudne przy zmianach, kt\u00f3re teraz nast\u0119puj\u0105 w 133 ustawach.<\/p>\n<p>Mamy nadziej\u0119, \u017ce nasz artyku\u0142 zobrazowa\u0142 Pa\u0144stwu jak wa\u017cne jest przygotowanie si\u0119 na <strong>25 maja 2018 roku<\/strong>, gdy w \u017cycie wchodzi <strong>RODO<\/strong>. Zapraszamy serdecznie do kontaktu z nasz\u0105 <strong>Kancelari\u0105 Adwokack\u0105<\/strong>, kt\u00f3ra znajduje si\u0119 w <strong>Bia\u0142ymstoku<\/strong> w celu um\u00f3wienia si\u0119 na <strong>szkolenie lub konsultacje z zakresu RODO<\/strong>. Do ka\u017cdego podchodzimy profesjonalnie i z pe\u0142nym zaanga\u017cowaniem. Pozwoli to na oszcz\u0119dno\u015b\u0107 czasu i pieni\u0119dzy w Pa\u0144stwa firmie. Prowadzimy tak\u017ce <strong>pe\u0142n\u0105 obs\u0142ug\u0119 prawn\u0105 firm<\/strong>. Dzi\u0119ki temu Twoje firma zawsze b\u0119dzie bezpieczna pod wzgl\u0119dem prawnym.<\/p>\n<\/article>\n","protected":false},"excerpt":{"rendered":"<p>W dzisiejszym artykule na blogu naszej Bia\u0142ostockiej Kancelarii chcieliby\u015bmy Pa\u0144stwu przybli\u017cy\u0107 temat szkole\u0144 z zakresu RODO, kt\u00f3re s\u0105 organizowane przez nas w Bia\u0142ymstoku.<\/p>\n","protected":false},"author":1,"featured_media":0,"comment_status":"open","ping_status":"open","sticky":false,"template":"","format":"standard","meta":{"inline_featured_image":false,"site-sidebar-layout":"default","site-content-layout":"","ast-site-content-layout":"default","site-content-style":"default","site-sidebar-style":"default","ast-global-header-display":"","ast-banner-title-visibility":"","ast-main-header-display":"","ast-hfb-above-header-display":"","ast-hfb-below-header-display":"","ast-hfb-mobile-header-display":"","site-post-title":"","ast-breadcrumbs-content":"","ast-featured-img":"","footer-sml-layout":"","theme-transparent-header-meta":"default","adv-header-id-meta":"","stick-header-meta":"","header-above-stick-meta":"","header-main-stick-meta":"","header-below-stick-meta":"","astra-migrate-meta-layouts":"set","ast-page-background-enabled":"default","ast-page-background-meta":{"desktop":{"background-color":"var(--ast-global-color-4)","background-image":"","background-repeat":"repeat","background-position":"center center","background-size":"auto","background-attachment":"scroll","background-type":"","background-media":"","overlay-type":"","overlay-color":"","overlay-opacity":"","overlay-gradient":""},"tablet":{"background-color":"","background-image":"","background-repeat":"repeat","background-position":"center center","background-size":"auto","background-attachment":"scroll","background-type":"","background-media":"","overlay-type":"","overlay-color":"","overlay-opacity":"","overlay-gradient":""},"mobile":{"background-color":"","background-image":"","background-repeat":"repeat","background-position":"center center","background-size":"auto","background-attachment":"scroll","background-type":"","background-media":"","overlay-type":"","overlay-color":"","overlay-opacity":"","overlay-gradient":""}},"ast-content-background-meta":{"desktop":{"background-color":"var(--ast-global-color-5)","background-image":"","background-repeat":"repeat","background-position":"center center","background-size":"auto","background-attachment":"scroll","background-type":"","background-media":"","overlay-type":"","overlay-color":"","overlay-opacity":"","overlay-gradient":""},"tablet":{"background-color":"var(--ast-global-color-5)","background-image":"","background-repeat":"repeat","background-position":"center center","background-size":"auto","background-attachment":"scroll","background-type":"","background-media":"","overlay-type":"","overlay-color":"","overlay-opacity":"","overlay-gradient":""},"mobile":{"background-color":"var(--ast-global-color-5)","background-image":"","background-repeat":"repeat","background-position":"center center","background-size":"auto","background-attachment":"scroll","background-type":"","background-media":"","overlay-type":"","overlay-color":"","overlay-opacity":"","overlay-gradient":""}},"footnotes":""},"categories":[1],"tags":[],"class_list":["post-1104","post","type-post","status-publish","format-standard","hentry","category-bez-kategorii"],"_links":{"self":[{"href":"https:\/\/adwokatura-bialystok.pl\/index.php\/wp-json\/wp\/v2\/posts\/1104","targetHints":{"allow":["GET"]}}],"collection":[{"href":"https:\/\/adwokatura-bialystok.pl\/index.php\/wp-json\/wp\/v2\/posts"}],"about":[{"href":"https:\/\/adwokatura-bialystok.pl\/index.php\/wp-json\/wp\/v2\/types\/post"}],"author":[{"embeddable":true,"href":"https:\/\/adwokatura-bialystok.pl\/index.php\/wp-json\/wp\/v2\/users\/1"}],"replies":[{"embeddable":true,"href":"https:\/\/adwokatura-bialystok.pl\/index.php\/wp-json\/wp\/v2\/comments?post=1104"}],"version-history":[{"count":1,"href":"https:\/\/adwokatura-bialystok.pl\/index.php\/wp-json\/wp\/v2\/posts\/1104\/revisions"}],"predecessor-version":[{"id":1105,"href":"https:\/\/adwokatura-bialystok.pl\/index.php\/wp-json\/wp\/v2\/posts\/1104\/revisions\/1105"}],"wp:attachment":[{"href":"https:\/\/adwokatura-bialystok.pl\/index.php\/wp-json\/wp\/v2\/media?parent=1104"}],"wp:term":[{"taxonomy":"category","embeddable":true,"href":"https:\/\/adwokatura-bialystok.pl\/index.php\/wp-json\/wp\/v2\/categories?post=1104"},{"taxonomy":"post_tag","embeddable":true,"href":"https:\/\/adwokatura-bialystok.pl\/index.php\/wp-json\/wp\/v2\/tags?post=1104"}],"curies":[{"name":"wp","href":"https:\/\/api.w.org\/{rel}","templated":true}]}}