{"id":1259,"date":"2024-07-18T20:28:02","date_gmt":"2024-07-18T18:28:02","guid":{"rendered":"http:\/\/serwer168869.lh.pl\/autoinstalator\/serwer168869.lh.pl\/wordpress74863\/?p=1259"},"modified":"2024-07-18T20:28:02","modified_gmt":"2024-07-18T18:28:02","slug":"adwokat-bialystok-wyjazd-z-dzieckiem-na-wakacje-po-rozwodzie","status":"publish","type":"post","link":"https:\/\/adwokatura-bialystok.pl\/index.php\/2024\/07\/18\/adwokat-bialystok-wyjazd-z-dzieckiem-na-wakacje-po-rozwodzie\/","title":{"rendered":"Adwokat Bia\u0142ystok &#8211; Wyjazd z dzieckiem na wakacje po rozwodzie"},"content":{"rendered":"\r\n\r\n<article>&nbsp;\r\n<h2>Kiedy reguluje si\u0119 sprawy wakacji z dzieckiem?<\/h2>\r\nKwesti\u0119, w kt\u00f3rej okre\u015bla si\u0119 kt\u00f3re z rodzic\u00f3w zabiera dziecko na wakacje reguluje si\u0119 najcz\u0119\u015bciej ju\u017c w trakcie wyroku s\u0105du rozwodowego. T\u0105 kwesti\u0119 porusza si\u0119 w cz\u0119\u015bci traktuj\u0105cej kontakt mi\u0119dzy rodzicami, a dzieckiem. Najcz\u0119\u015bciej znajdziemy tam zapis na temat tego, \u017ce jednemu z rodzic\u00f3w przys\u0142uguje prawo do sp\u0119dzenia z dzieckiem jednego tygodnia w trakcie ferii zimowych oraz po jednym tygodniu na ka\u017cdy miesi\u0105c wakacji, kt\u00f3re mamy w trakcie lata. Nie jest to jednak jednoznaczne z bezproblemowym wyjazdem je\u017celi planujemy wakacje poza granicami Pa\u0144stwa Polskiego. Jest to zale\u017cne od sposobu, w jaki s\u0105d ureguluje kwesti\u0119 w\u0142adzy rodzicielskiej.\r\n<h2>Rodzaje w\u0142adzy rodzicielskiej po rozwodzie.<\/h2>\r\nW trakcie rozwodu (lub na oddzielnej sprawie) S\u0105d mo\u017ce wyda\u0107 decyzje o:\r\n\r\n&#8211; pozostawieniu w\u0142adzy rodzicielskiej obojgu rodzicom;\r\n\r\n&#8211; pozbawieniu w\u0142adzy rodzicielskiej obojga rodzic\u00f3w lub jednego z rodzic\u00f3w;\r\n\r\n&#8211; zawieszenie w\u0142adzy rodzicielskiej obojga rodzic\u00f3w lub jednego z rodzic\u00f3w;\r\n\r\n&#8211; ograniczenie w\u0142adzy rodzicielskiej jednego z rodzica z jednoczesnym powierzeniem owej w\u0142adzy drugiemu rodzicowi.\r\n<h2>Zagraniczny wyjazd na wakacje przy pozbawieniu lub zwieszeniu w\u0142adzy rodzicielskiej.<\/h2>\r\nGdy dziecko znajduje si\u0119 pod nasz\u0105 opiek\u0105 oraz drugi rodzic jest w sytuacji, gdy jego w\u0142adza rodzicielska jest zawieszona lub zosta\u0142 jej pozbawiony nie mo\u017ce decydowa\u0107 o wakacjach dziecka &#8211; tak\u017ce tych zagranicznych. Oznacza to, \u017ce nie musimy pyta\u0107 o \u017cadn\u0105 zgod\u0119 i mo\u017cemy wyjecha\u0107 gdzie tylko chcemy.\r\n<h2>Kiedy jest wymagana zgoda drugiego rodzica?<\/h2>\r\nGdy w\u0142adza rodzicielska jest w r\u0119kach obojga rodzic\u00f3w lub gdy jeden z rodzic\u00f3w ma ograniczon\u0105 w\u0142adz\u0119 rodzicielsk\u0105 to trzeba uzyska\u0107 zgod\u0119 drugiego rodzica na zagraniczne wakacje. Oczywi\u015bcie sytuacja ma si\u0119 inaczej gdy S\u0105d postanowi\u0142 inaczej i mamy to w jego postanowieniu.\r\n<h2>Co si\u0119 dzieje gdy drugi rodzic nie wyra\u017ca zgody na wyjazd dziecka na zagraniczne wakacje?<\/h2>\r\nGdy drugi rodzic nie wyra\u017ca zgody na zagraniczne wakacje z dzieckiem to mo\u017cemy uda\u0107 si\u0119 do s\u0105du, kt\u00f3ry rozstrzygnie nasz sp\u00f3r. Jednak znaj\u0105c realia to musimy pami\u0119ta\u0107, \u017ce takie rozstrzygni\u0119cie nie zostanie osi\u0105gni\u0119te od r\u0119ki. Dobrze w takiej sytuacji skontaktowa\u0107 si\u0119 z adwokatem, kt\u00f3ry ma do\u015bwiadczenie w takich sprawach i cechuje si\u0119 wysokim profesjonalizmem. W Bia\u0142ymstoku takim prawnikiem jest mecenas Sylwia Tokarzewska-Cybulko.\r\n\r\nZapraszamy serdecznie do kontaktu oraz wsp\u00f3\u0142pracy. W tak du\u017cym do\u015bwiadczeniem nic nas nie zaskoczy. Prawo rodzinne to &#8220;nasz konik&#8221; i pomo\u017cemy w ka\u017cdej sytuacji.\r\n\r\n<\/article>","protected":false},"excerpt":{"rendered":"<p>Powoli rozpoczynamy sezon wakacyjny. Oznacza to wyjazdy i wsp\u00f3lne wycieczki. Wsp\u00f3lne, gdy\u017c chcemy wyje\u017cd\u017ca\u0107 z naszymi dzie\u0107mi. Jak to zrobi\u0107 gdy jeste\u015bmy po rozwodzie i drugi rodzi\u0107 dalej posiada prawa rodzicielskie? W dzisiejszym artykule na blogu Kancelarii Adwokackiej z Bia\u0142egostoku odpowiemy na to pytanie. Zapraszamy do lektury.<\/p>\n","protected":false},"author":1,"featured_media":1260,"comment_status":"open","ping_status":"open","sticky":false,"template":"","format":"standard","meta":{"inline_featured_image":false,"site-sidebar-layout":"default","site-content-layout":"","ast-site-content-layout":"default","site-content-style":"default","site-sidebar-style":"default","ast-global-header-display":"","ast-banner-title-visibility":"","ast-main-header-display":"","ast-hfb-above-header-display":"","ast-hfb-below-header-display":"","ast-hfb-mobile-header-display":"","site-post-title":"","ast-breadcrumbs-content":"","ast-featured-img":"","footer-sml-layout":"","theme-transparent-header-meta":"default","adv-header-id-meta":"","stick-header-meta":"","header-above-stick-meta":"","header-main-stick-meta":"","header-below-stick-meta":"","astra-migrate-meta-layouts":"set","ast-page-background-enabled":"default","ast-page-background-meta":{"desktop":{"background-color":"var(--ast-global-color-4)","background-image":"","background-repeat":"repeat","background-position":"center center","background-size":"auto","background-attachment":"scroll","background-type":"","background-media":"","overlay-type":"","overlay-color":"","overlay-opacity":"","overlay-gradient":""},"tablet":{"background-color":"","background-image":"","background-repeat":"repeat","background-position":"center center","background-size":"auto","background-attachment":"scroll","background-type":"","background-media":"","overlay-type":"","overlay-color":"","overlay-opacity":"","overlay-gradient":""},"mobile":{"background-color":"","background-image":"","background-repeat":"repeat","background-position":"center center","background-size":"auto","background-attachment":"scroll","background-type":"","background-media":"","overlay-type":"","overlay-color":"","overlay-opacity":"","overlay-gradient":""}},"ast-content-background-meta":{"desktop":{"background-color":"var(--ast-global-color-5)","background-image":"","background-repeat":"repeat","background-position":"center center","background-size":"auto","background-attachment":"scroll","background-type":"","background-media":"","overlay-type":"","overlay-color":"","overlay-opacity":"","overlay-gradient":""},"tablet":{"background-color":"var(--ast-global-color-5)","background-image":"","background-repeat":"repeat","background-position":"center center","background-size":"auto","background-attachment":"scroll","background-type":"","background-media":"","overlay-type":"","overlay-color":"","overlay-opacity":"","overlay-gradient":""},"mobile":{"background-color":"var(--ast-global-color-5)","background-image":"","background-repeat":"repeat","background-position":"center center","background-size":"auto","background-attachment":"scroll","background-type":"","background-media":"","overlay-type":"","overlay-color":"","overlay-opacity":"","overlay-gradient":""}},"footnotes":""},"categories":[1],"tags":[],"class_list":["post-1259","post","type-post","status-publish","format-standard","has-post-thumbnail","hentry","category-bez-kategorii"],"_links":{"self":[{"href":"https:\/\/adwokatura-bialystok.pl\/index.php\/wp-json\/wp\/v2\/posts\/1259","targetHints":{"allow":["GET"]}}],"collection":[{"href":"https:\/\/adwokatura-bialystok.pl\/index.php\/wp-json\/wp\/v2\/posts"}],"about":[{"href":"https:\/\/adwokatura-bialystok.pl\/index.php\/wp-json\/wp\/v2\/types\/post"}],"author":[{"embeddable":true,"href":"https:\/\/adwokatura-bialystok.pl\/index.php\/wp-json\/wp\/v2\/users\/1"}],"replies":[{"embeddable":true,"href":"https:\/\/adwokatura-bialystok.pl\/index.php\/wp-json\/wp\/v2\/comments?post=1259"}],"version-history":[{"count":1,"href":"https:\/\/adwokatura-bialystok.pl\/index.php\/wp-json\/wp\/v2\/posts\/1259\/revisions"}],"predecessor-version":[{"id":1261,"href":"https:\/\/adwokatura-bialystok.pl\/index.php\/wp-json\/wp\/v2\/posts\/1259\/revisions\/1261"}],"wp:featuredmedia":[{"embeddable":true,"href":"https:\/\/adwokatura-bialystok.pl\/index.php\/wp-json\/wp\/v2\/media\/1260"}],"wp:attachment":[{"href":"https:\/\/adwokatura-bialystok.pl\/index.php\/wp-json\/wp\/v2\/media?parent=1259"}],"wp:term":[{"taxonomy":"category","embeddable":true,"href":"https:\/\/adwokatura-bialystok.pl\/index.php\/wp-json\/wp\/v2\/categories?post=1259"},{"taxonomy":"post_tag","embeddable":true,"href":"https:\/\/adwokatura-bialystok.pl\/index.php\/wp-json\/wp\/v2\/tags?post=1259"}],"curies":[{"name":"wp","href":"https:\/\/api.w.org\/{rel}","templated":true}]}}