{"id":1345,"date":"2024-07-18T23:39:20","date_gmt":"2024-07-18T21:39:20","guid":{"rendered":"http:\/\/serwer168869.lh.pl\/autoinstalator\/serwer168869.lh.pl\/wordpress74863\/?p=1345"},"modified":"2024-07-18T23:39:20","modified_gmt":"2024-07-18T21:39:20","slug":"swieta-po-rozwodzie-bialystok-adwokat-sylwia-tokarzewska-cybulko","status":"publish","type":"post","link":"https:\/\/adwokatura-bialystok.pl\/index.php\/2024\/07\/18\/swieta-po-rozwodzie-bialystok-adwokat-sylwia-tokarzewska-cybulko\/","title":{"rendered":"\u015awi\u0119ta po rozwodzie &#8211; Bia\u0142ystok Adwokat Sylwia Tokarzewska-Cybulko"},"content":{"rendered":"<article>\n<p style=\"text-align: justify;\">\n<p style=\"text-align: justify;\">\n<h2 style=\"text-align: justify;\">Jak wygl\u0105da Bo\u017ce Narodzenie po rozwodzie<\/h2>\n<p style=\"text-align: justify;\">Po <strong>rozwodzie<\/strong> czas \u015awi\u0105teczny jest bardzo trudny. Trzeba wypracowa\u0107 sw\u00f3j w\u0142asny spos\u00f3b na sp\u0119dzenie tego czasu przez dziecko, tak aby czu\u0142o si\u0119 ono jak dobrze i nie musia\u0142o ca\u0142y czas zmienia\u0107 miejsca sp\u0119dzania tego czasu. Cz\u0119sto rodzice robi\u0105 tak, \u017ce kolacja Wigilijna jest na pocz\u0105tku u jednego rodzica, a nast\u0119pnie dziecko jest zabierane do drugiego na drug\u0105 kolacj\u0119 \u015awi\u0105teczn\u0105. Nie jest to dobre rozwi\u0105zanie, gdy\u017c w \u017cadnym z tych miejsc nie b\u0119dzie on m\u00f3g\u0142 w pe\u0142ni cieszy\u0107 si\u0119 tym czasem i \u015bwi\u0119towa\u0107.<\/p>\n<p style=\"text-align: justify;\">Trzeba wyt\u0142umaczy\u0107 dziecku, \u017ce nie b\u0119dziemy si\u0119 gniewa\u0107, \u017ce <strong>Wigilia<\/strong> w jednym roku b\u0119dzie sp\u0119dzana u jednego z rodzic\u00f3w, a nie w rozjazdach. Tak jak zaznaczaj\u0105 <strong>psycholodzy<\/strong> &#8211; trzeba mocn\u0105 kresk\u0105 rozgraniczy\u0107 \u015bwiat dzieci oraz \u015bwiat doros\u0142ych w ten spos\u00f3b aby dziecko nie odczu\u0142o, \u017ce zwi\u0105zek jego rodzic\u00f3w si\u0119 zako\u0144czy\u0142. Albo aby odczu\u0142o to jak najmniej.<\/p>\n<h2 style=\"text-align: justify;\">Lojalno\u015b\u0107 dziecka wobec rodzic\u00f3w<\/h2>\n<p style=\"text-align: justify;\">Trzeba zaznaczy\u0107 dziecku oraz zadba\u0107 aby zrozumia\u0142o, \u017ce sp\u0119dzaj\u0105c dany dzie\u0144 \u015awi\u0105t z jednym z rodzic\u00f3w nie mia\u0142o wyrzut\u00f3w sumienia i nie &#8220;zdradza go&#8221;.<\/p>\n<h2 style=\"text-align: justify;\">Podej\u015bcie nowej rodziny do dziecka z poprzedniego zwi\u0105zku<\/h2>\n<p style=\"text-align: justify;\">Gdy kt\u00f3re\u015b z rodzic\u00f3w za\u0142o\u017cy\u0142o now\u0105 rodzin\u0119 po rozwodzie mog\u0105 oni mie\u0107 r\u00f3\u017cne podej\u015bcie do dziecka z poprzedniego zwi\u0105zku. Nie mo\u017cemy dopu\u015bci\u0107 aby dziecko mia\u0142o poczucie niech\u0119ci do niego przez now\u0105 rodzin\u0119. <strong>Zadbajmy o to aby czu\u0142o si\u0119 ono komfortowo oraz w pe\u0142ni kochane.<\/strong><\/p>\n<p style=\"text-align: justify;\">Naszym zdaniem dobrym rozwi\u0105zaniem jest podzia\u0142 \u015bwi\u0105t tak aby, przyk\u0142adowo, <strong>Wigilia<\/strong> by\u0142a sp\u0119dzana przez dziecko z mam\u0105, a reszt\u0119 \u015bwi\u0105t z ojcem. Nast\u0119pny rok na odwr\u00f3t &#8211; <strong>Wigilia<\/strong> z ojcem, a reszta \u015awi\u0105t z mam\u0105.<\/p>\n<p style=\"text-align: justify;\">Pami\u0119tajmy &#8211; w ka\u017cdej sytuacji musimy dba\u0107 o <strong>dobro naszych dzieci<\/strong>. Gdy stoimy przed trudnym wyborem oraz czasem jakim jest <strong>rozw\u00f3d<\/strong> warto jest poradzi\u0107 si\u0119 osoby <strong>profesjonalnej<\/strong> oraz <strong>do\u015bwiadczonej<\/strong> w tego typu sprawach &#8211; <strong>adwokatem<\/strong>. Zapraszamy serdecznie do kontaktu oraz umawiania si\u0119 na spotkania w naszej <strong>Kancelarii Adwokackiej z Bia\u0142egostoku<\/strong>, gdzie do ka\u017cdej sprawy podchodzimy niesamowicie rzetelnie.<\/p>\n<\/article>\n","protected":false},"excerpt":{"rendered":"<p>W sytuacji gdy jeste\u015bmy po rozwodzie oraz mamy wsp\u00f3lne dzieci nast\u0119puje czas, w kt\u00f3rym zastanawiamy si\u0119 jak zorganizowa\u0107 \u015awi\u0119ta, aby nikt nie by\u0142 pokrzywdzony. W najnowszym artykule na blogu Bia\u0142ostockiej Kancelarii Adwokackiej, kt\u00f3r\u0105 prowadzi mecenas Sylwia Tokarzewska-Cybulko przedstawiamy przyk\u0142ady rozwi\u0105zania tego problemu. Zapraszamy do lektury.<\/p>\n","protected":false},"author":1,"featured_media":1346,"comment_status":"open","ping_status":"open","sticky":false,"template":"","format":"standard","meta":{"inline_featured_image":false,"site-sidebar-layout":"default","site-content-layout":"","ast-site-content-layout":"default","site-content-style":"default","site-sidebar-style":"default","ast-global-header-display":"","ast-banner-title-visibility":"","ast-main-header-display":"","ast-hfb-above-header-display":"","ast-hfb-below-header-display":"","ast-hfb-mobile-header-display":"","site-post-title":"","ast-breadcrumbs-content":"","ast-featured-img":"","footer-sml-layout":"","theme-transparent-header-meta":"default","adv-header-id-meta":"","stick-header-meta":"","header-above-stick-meta":"","header-main-stick-meta":"","header-below-stick-meta":"","astra-migrate-meta-layouts":"set","ast-page-background-enabled":"default","ast-page-background-meta":{"desktop":{"background-color":"var(--ast-global-color-4)","background-image":"","background-repeat":"repeat","background-position":"center center","background-size":"auto","background-attachment":"scroll","background-type":"","background-media":"","overlay-type":"","overlay-color":"","overlay-opacity":"","overlay-gradient":""},"tablet":{"background-color":"","background-image":"","background-repeat":"repeat","background-position":"center center","background-size":"auto","background-attachment":"scroll","background-type":"","background-media":"","overlay-type":"","overlay-color":"","overlay-opacity":"","overlay-gradient":""},"mobile":{"background-color":"","background-image":"","background-repeat":"repeat","background-position":"center center","background-size":"auto","background-attachment":"scroll","background-type":"","background-media":"","overlay-type":"","overlay-color":"","overlay-opacity":"","overlay-gradient":""}},"ast-content-background-meta":{"desktop":{"background-color":"var(--ast-global-color-5)","background-image":"","background-repeat":"repeat","background-position":"center center","background-size":"auto","background-attachment":"scroll","background-type":"","background-media":"","overlay-type":"","overlay-color":"","overlay-opacity":"","overlay-gradient":""},"tablet":{"background-color":"var(--ast-global-color-5)","background-image":"","background-repeat":"repeat","background-position":"center center","background-size":"auto","background-attachment":"scroll","background-type":"","background-media":"","overlay-type":"","overlay-color":"","overlay-opacity":"","overlay-gradient":""},"mobile":{"background-color":"var(--ast-global-color-5)","background-image":"","background-repeat":"repeat","background-position":"center center","background-size":"auto","background-attachment":"scroll","background-type":"","background-media":"","overlay-type":"","overlay-color":"","overlay-opacity":"","overlay-gradient":""}},"footnotes":""},"categories":[1],"tags":[],"class_list":["post-1345","post","type-post","status-publish","format-standard","has-post-thumbnail","hentry","category-bez-kategorii"],"_links":{"self":[{"href":"https:\/\/adwokatura-bialystok.pl\/index.php\/wp-json\/wp\/v2\/posts\/1345","targetHints":{"allow":["GET"]}}],"collection":[{"href":"https:\/\/adwokatura-bialystok.pl\/index.php\/wp-json\/wp\/v2\/posts"}],"about":[{"href":"https:\/\/adwokatura-bialystok.pl\/index.php\/wp-json\/wp\/v2\/types\/post"}],"author":[{"embeddable":true,"href":"https:\/\/adwokatura-bialystok.pl\/index.php\/wp-json\/wp\/v2\/users\/1"}],"replies":[{"embeddable":true,"href":"https:\/\/adwokatura-bialystok.pl\/index.php\/wp-json\/wp\/v2\/comments?post=1345"}],"version-history":[{"count":1,"href":"https:\/\/adwokatura-bialystok.pl\/index.php\/wp-json\/wp\/v2\/posts\/1345\/revisions"}],"predecessor-version":[{"id":1347,"href":"https:\/\/adwokatura-bialystok.pl\/index.php\/wp-json\/wp\/v2\/posts\/1345\/revisions\/1347"}],"wp:featuredmedia":[{"embeddable":true,"href":"https:\/\/adwokatura-bialystok.pl\/index.php\/wp-json\/wp\/v2\/media\/1346"}],"wp:attachment":[{"href":"https:\/\/adwokatura-bialystok.pl\/index.php\/wp-json\/wp\/v2\/media?parent=1345"}],"wp:term":[{"taxonomy":"category","embeddable":true,"href":"https:\/\/adwokatura-bialystok.pl\/index.php\/wp-json\/wp\/v2\/categories?post=1345"},{"taxonomy":"post_tag","embeddable":true,"href":"https:\/\/adwokatura-bialystok.pl\/index.php\/wp-json\/wp\/v2\/tags?post=1345"}],"curies":[{"name":"wp","href":"https:\/\/api.w.org\/{rel}","templated":true}]}}