{"id":1397,"date":"2024-07-19T00:04:32","date_gmt":"2024-07-18T22:04:32","guid":{"rendered":"http:\/\/serwer168869.lh.pl\/autoinstalator\/serwer168869.lh.pl\/wordpress74863\/?p=1397"},"modified":"2024-07-19T00:04:32","modified_gmt":"2024-07-18T22:04:32","slug":"koronawirus-podstawowe-pojecia-bialystok-adwokat-sylwia-tokarzewska-cybulko","status":"publish","type":"post","link":"https:\/\/adwokatura-bialystok.pl\/index.php\/2024\/07\/19\/koronawirus-podstawowe-pojecia-bialystok-adwokat-sylwia-tokarzewska-cybulko\/","title":{"rendered":"Koronawirus &#8211; podstawowe poj\u0119cia &#8211; Bia\u0142ystok Adwokat Sylwia Tokarzewska-Cybulko"},"content":{"rendered":"<article>\n<p style=\"text-align: justify;\">\n<p style=\"text-align: justify;\">\n<p style=\"text-align: justify;\">Od 14 marca do odwo\u0142ania, na obszarze Rzeczypospolitej Polskiej og\u0142oszono <strong>stan zagro\u017cenia epidemicznego<\/strong> w zwi\u0105zku z zaka\u017ceniami wirusem SARS-CoV-2. Stan ten og\u0142oszono na podstawie dokumentu: Rozporz\u0105dzenie Ministra Zdrowia z dnia 13 marca 2020 r. w sprawie og\u0142oszenia na obszarze Rzeczypospolitej Polskiej stanu zagro\u017cenia epidemicznego. (Dz.U. z 2020 r. poz. 433)<\/p>\n<p style=\"text-align: justify;\">Zgodnie z Ustaw\u0105 z dnia 5 grudnia 2008 r. o zapobieganiu oraz zwalczaniu zaka\u017ce\u0144 i chor\u00f3b zaka\u017anych u ludzi (t.j. Dz. U. z 2019 r. poz. 1239 z p\u00f3\u017an. zm., dalej: \u201e<strong>Ustawa o zwalczaniu chor\u00f3b zaka\u017anych<\/strong>\u201d:<\/p>\n<p><iframe src=\"https:\/\/www.youtube.com\/embed\/JZa5gNCIZ1I\" width=\"560\" height=\"315\" frameborder=\"0\" allowfullscreen=\"allowfullscreen\" data-mce-fragment=\"1\"><\/iframe><\/p>\n<p style=\"text-align: justify;\"><strong>Stan zagro\u017cenia epidemicznego<\/strong> to sytuacja prawna wprowadzona na danym obszarze w zwi\u0105zku z ryzykiem wyst\u0105pienia epidemii w celu podj\u0119cia okre\u015blonych w ustawie dzia\u0142a\u0144 zapobiegawczych.<\/p>\n<p style=\"text-align: justify;\"><strong>Stan epidemii<\/strong> obowi\u0105zuje od 20 marca 2020 roku. W tym dniu r\u00f3wnie\u017c moc utraci\u0142o Rozporz\u0105dzenie ws. zagro\u017cenia epidemicznego, jednak wszelkie wydane na jego podstawie decyzje, polecenia, wytyczne i zalecenia zachowuj\u0105 wa\u017cno\u015b\u0107 i mog\u0105 by\u0107 zmieniane na podstawie dotychczasowych przepis\u00f3w.<\/p>\n<p style=\"text-align: justify;\">Rozporz\u0105dzenie Ministra Zdrowia z dnia 20 marca 2020 r. w sprawie og\u0142oszenia na obszarze Rzeczypospolitej Polskiej stanu epidemii. (Dz.U. z 2020 r. poz. 491).<\/p>\n<p style=\"text-align: justify;\"><strong>Stan epidemii<\/strong> to sytuacja prawna wprowadzona na danym obszarze w zwi\u0105zku z wyst\u0105pieniem epidemii w celu podj\u0119cia okre\u015blonych w ustawie dzia\u0142a\u0144 przeciwepidemicznych i zapobiegawczych dla zminimalizowania skutk\u00f3w <strong>epidemii<\/strong>.<\/p>\n<p style=\"text-align: justify;\"><strong>Epidemia<\/strong> ma zasi\u0119g lokalny (miasto, kraj lub kilka s\u0105siaduj\u0105cych pa\u0144stw), a pandemia to epidemia o zasi\u0119gu \u015bwiatowym, w zwalczeniu kt\u00f3rej konieczne jest wsp\u00f3\u0142dzia\u0142anie wszystkich dotkni\u0119tych ni\u0105 kraj\u00f3w.<\/p>\n<p style=\"text-align: justify;\">Obecnie trwa na \u015bwiecie tzw. \u201epandemia koronawirusa\u201d, czyli choroby Covid-19 (z ang. Coronavirus Disease 2019), powodowanej przez wirusa SARS-CoV-2.<\/p>\n<p style=\"text-align: justify;\">B\u0119dziemy Pa\u0144stwu przedstawia\u0107 informacje na temat zmian prawnych, kt\u00f3re wywo\u0142ane s\u0105 <strong>Koronawirusem<\/strong>. Zapraszamy serdecznie do kontaktu. Nasza <strong>Kancelaria Adwokacka z Bia\u0142egostoku<\/strong> oferuje tak\u017ce porady prawne oraz prowadzenie spraw w spos\u00f3b zdalny &#8211; przez internet oraz telefon.<\/p>\n<\/article>\n","protected":false},"excerpt":{"rendered":"<p>Jak wygl\u0105da sytuacja z Koronawirusem pod k\u0105tem prawnym? Co powinni\u015bmy mie\u0107 na ten temat? Zapraszamy serdecznie do lektury najnowszego artyku\u0142u na blogu Kancelarii Adwokackiej z Bia\u0142egostoku prowadzonej przez mecenas Sylwi\u0119 Tokarzewsk\u0105-Cybulko.<\/p>\n","protected":false},"author":1,"featured_media":1398,"comment_status":"open","ping_status":"open","sticky":false,"template":"","format":"standard","meta":{"inline_featured_image":false,"site-sidebar-layout":"default","site-content-layout":"","ast-site-content-layout":"default","site-content-style":"default","site-sidebar-style":"default","ast-global-header-display":"","ast-banner-title-visibility":"","ast-main-header-display":"","ast-hfb-above-header-display":"","ast-hfb-below-header-display":"","ast-hfb-mobile-header-display":"","site-post-title":"","ast-breadcrumbs-content":"","ast-featured-img":"","footer-sml-layout":"","theme-transparent-header-meta":"default","adv-header-id-meta":"","stick-header-meta":"","header-above-stick-meta":"","header-main-stick-meta":"","header-below-stick-meta":"","astra-migrate-meta-layouts":"set","ast-page-background-enabled":"default","ast-page-background-meta":{"desktop":{"background-color":"var(--ast-global-color-4)","background-image":"","background-repeat":"repeat","background-position":"center center","background-size":"auto","background-attachment":"scroll","background-type":"","background-media":"","overlay-type":"","overlay-color":"","overlay-opacity":"","overlay-gradient":""},"tablet":{"background-color":"","background-image":"","background-repeat":"repeat","background-position":"center center","background-size":"auto","background-attachment":"scroll","background-type":"","background-media":"","overlay-type":"","overlay-color":"","overlay-opacity":"","overlay-gradient":""},"mobile":{"background-color":"","background-image":"","background-repeat":"repeat","background-position":"center center","background-size":"auto","background-attachment":"scroll","background-type":"","background-media":"","overlay-type":"","overlay-color":"","overlay-opacity":"","overlay-gradient":""}},"ast-content-background-meta":{"desktop":{"background-color":"var(--ast-global-color-5)","background-image":"","background-repeat":"repeat","background-position":"center center","background-size":"auto","background-attachment":"scroll","background-type":"","background-media":"","overlay-type":"","overlay-color":"","overlay-opacity":"","overlay-gradient":""},"tablet":{"background-color":"var(--ast-global-color-5)","background-image":"","background-repeat":"repeat","background-position":"center center","background-size":"auto","background-attachment":"scroll","background-type":"","background-media":"","overlay-type":"","overlay-color":"","overlay-opacity":"","overlay-gradient":""},"mobile":{"background-color":"var(--ast-global-color-5)","background-image":"","background-repeat":"repeat","background-position":"center center","background-size":"auto","background-attachment":"scroll","background-type":"","background-media":"","overlay-type":"","overlay-color":"","overlay-opacity":"","overlay-gradient":""}},"footnotes":""},"categories":[1],"tags":[],"class_list":["post-1397","post","type-post","status-publish","format-standard","has-post-thumbnail","hentry","category-bez-kategorii"],"_links":{"self":[{"href":"https:\/\/adwokatura-bialystok.pl\/index.php\/wp-json\/wp\/v2\/posts\/1397","targetHints":{"allow":["GET"]}}],"collection":[{"href":"https:\/\/adwokatura-bialystok.pl\/index.php\/wp-json\/wp\/v2\/posts"}],"about":[{"href":"https:\/\/adwokatura-bialystok.pl\/index.php\/wp-json\/wp\/v2\/types\/post"}],"author":[{"embeddable":true,"href":"https:\/\/adwokatura-bialystok.pl\/index.php\/wp-json\/wp\/v2\/users\/1"}],"replies":[{"embeddable":true,"href":"https:\/\/adwokatura-bialystok.pl\/index.php\/wp-json\/wp\/v2\/comments?post=1397"}],"version-history":[{"count":1,"href":"https:\/\/adwokatura-bialystok.pl\/index.php\/wp-json\/wp\/v2\/posts\/1397\/revisions"}],"predecessor-version":[{"id":1399,"href":"https:\/\/adwokatura-bialystok.pl\/index.php\/wp-json\/wp\/v2\/posts\/1397\/revisions\/1399"}],"wp:featuredmedia":[{"embeddable":true,"href":"https:\/\/adwokatura-bialystok.pl\/index.php\/wp-json\/wp\/v2\/media\/1398"}],"wp:attachment":[{"href":"https:\/\/adwokatura-bialystok.pl\/index.php\/wp-json\/wp\/v2\/media?parent=1397"}],"wp:term":[{"taxonomy":"category","embeddable":true,"href":"https:\/\/adwokatura-bialystok.pl\/index.php\/wp-json\/wp\/v2\/categories?post=1397"},{"taxonomy":"post_tag","embeddable":true,"href":"https:\/\/adwokatura-bialystok.pl\/index.php\/wp-json\/wp\/v2\/tags?post=1397"}],"curies":[{"name":"wp","href":"https:\/\/api.w.org\/{rel}","templated":true}]}}