{"id":1403,"date":"2024-07-19T00:05:38","date_gmt":"2024-07-18T22:05:38","guid":{"rendered":"http:\/\/serwer168869.lh.pl\/autoinstalator\/serwer168869.lh.pl\/wordpress74863\/?p=1403"},"modified":"2024-07-19T00:05:38","modified_gmt":"2024-07-18T22:05:38","slug":"koronawirus-akty-prawne-w-polsce-bialystok-adwokat-sylwia-tokarzewska-cybulko","status":"publish","type":"post","link":"https:\/\/adwokatura-bialystok.pl\/index.php\/2024\/07\/19\/koronawirus-akty-prawne-w-polsce-bialystok-adwokat-sylwia-tokarzewska-cybulko\/","title":{"rendered":"Koronawirus &#8211; akty prawne w Polsce &#8211; Bia\u0142ystok Adwokat Sylwia Tokarzewska-Cybulko"},"content":{"rendered":"<article>\n<p style=\"text-align: justify;\">\n<p style=\"text-align: justify;\">\n<p style=\"text-align: justify;\">W czasach koronawirusa prawo zmienia si\u0119 bardzo cz\u0119sto i szybko \u2013 sam\u0105 <strong>tarcz\u0119 antykryzysow\u0105<\/strong> nowelizowano ostatnio kilkukrotnie.<\/p>\n<p style=\"text-align: justify;\">3 marca 2020 r. Sejm uchwali\u0142 ustaw\u0119 dotycz\u0105c\u0105 szczeg\u00f3lnych rozwi\u0105za\u0144 zwi\u0105zanych z <strong>koronawirusem<\/strong>. Ustawa wesz\u0142a w \u017cycie 8 marca 2020 r.:<br \/>\nUstawa z dnia 2 marca 2020 r. o szczeg\u00f3lnych rozwi\u0105zaniach zwi\u0105zanych z zapobieganiem, przeciwdzia\u0142aniem i zwalczaniem COVID-19, innych chor\u00f3b zaka\u017anych oraz wywo\u0142anych nimi sytuacji kryzysowych (Dz.U.2020.374 z dnia 2020.03.07).<br \/>\nKolejnym i aktualnym na dzie\u0144 dzisiejszy aktem prawnym jest:<br \/>\nUSTAWA z dnia 31 marca 2020 r. o zmianie ustawy o szczeg\u00f3lnych rozwi\u0105zaniach zwi\u0105zanych z zapobieganiem, przeciwdzia\u0142aniem i zwalczaniem COVID-19, innych chor\u00f3b zaka\u017anych oraz wywo\u0142anych nimi sytuacji kryzysowych oraz niekt\u00f3rych innych ustaw (Dz.U.2020.568 z dnia 2020.03.31)<br \/>\nUstawa wesz\u0142a w \u017cycie z dniem 1 kwietnia 2020 r.<\/p>\n<p style=\"text-align: justify;\">Warto zwr\u00f3ci\u0107 te\u017c uwag\u0119 na Rozporz\u0105dzenia Rady Ministr\u00f3w dotycz\u0105ce ogranicze\u0144, nakaz\u00f3w i zakaz\u00f3w w zwi\u0105zku z epidemi\u0105:<\/p>\n<p>Rozporz\u0105dzenie Rady Ministr\u00f3w z dnia 31 marca 2020 r. w sprawie ustanowienia okre\u015blonych ogranicze\u0144, nakaz\u00f3w i zakaz\u00f3w w zwi\u0105zku z wyst\u0105pieniem stanu epidemii (Dz. U. poz. 566)<\/p>\n<p>Rozporz\u0105dzenie Rady Ministr\u00f3w z dnia 1 kwietnia 2020 r. zmieniaj\u0105ce rozporz\u0105dzenie w sprawie ustanowienia okre\u015blonych ogranicze\u0144, nakaz\u00f3w i zakaz\u00f3w w zwi\u0105zku z wyst\u0105pieniem stanu epidemii (Dz. U. poz. 577)<\/p>\n<p>Rozporz\u0105dzenie Rady Ministr\u00f3w z dnia 10.04.2020 r. w sprawie okre\u015blonych ogranicze\u0144, nakaz\u00f3w, zakaz\u00f3w w zwi\u0105zku z wyst\u0105pieniem stanu epidemii (Dz. U. poz. 658)<br \/>\nRozporz\u0105dzenie Rady Ministr\u00f3w z dnia 19 kwietnia 2020 roku w sprawie ustanowienia okre\u015blonych ogranicze\u0144, nakaz\u00f3w i zakaz\u00f3w w zwi\u0105zku z wyst\u0105pieniem stanu epidemii (Dz. U. poz. 697)<\/p>\n<p style=\"text-align: justify;\">Dzi\u0119kujemy serdecznie za lektur\u0119. Sytuacja mo\u017ce zmienia\u0107 si\u0119 z dnia na dzie\u0144. \u015aledzimy dla Pa\u0144stwa informacj\u0119 i zmiany, kt\u00f3re s\u0105 ich nast\u0119pstwem. Zapraszamy serdecznie do kontaktu z nasz\u0105 <strong>Kancelari\u0105 Adwokack\u0105 z Bia\u0142egostoku<\/strong> poprzez <strong>telefon<\/strong> oraz <strong>internet<\/strong> (na przyk\u0142ad <strong>mail<\/strong>). Ograniczenie kontaktu mi\u0119dzyludzkiego nie musi by\u0107 jednoznaczny z zaprzestaniem dbania o swoje prawa i szcz\u0119\u015bcie.<\/p>\n<\/article>\n","protected":false},"excerpt":{"rendered":"<p>Witamy w najnowszym artykule na blogu Kancelarii Adwokackiej z Bia\u0142egostoku. Ponownie chcieliby\u015bmy poruszy\u0107 temat koronawirusa i jak wp\u0142yn\u0105\u0142 on na na prawo w Polsce. Dok\u0142adniej poruszymy temat akt\u00f3w prawnych, kt\u00f3re zwi\u0105zane s\u0105 z koronawirusem. Ma to wp\u0142yw na ka\u017cdego obywatela Polski oraz oczywi\u015bcie mieszka\u0144ca Bia\u0142egostoku. Warto si\u0119 z tym zapozna\u0107.<\/p>\n","protected":false},"author":1,"featured_media":1404,"comment_status":"open","ping_status":"open","sticky":false,"template":"","format":"standard","meta":{"inline_featured_image":false,"site-sidebar-layout":"default","site-content-layout":"","ast-site-content-layout":"default","site-content-style":"default","site-sidebar-style":"default","ast-global-header-display":"","ast-banner-title-visibility":"","ast-main-header-display":"","ast-hfb-above-header-display":"","ast-hfb-below-header-display":"","ast-hfb-mobile-header-display":"","site-post-title":"","ast-breadcrumbs-content":"","ast-featured-img":"","footer-sml-layout":"","theme-transparent-header-meta":"default","adv-header-id-meta":"","stick-header-meta":"","header-above-stick-meta":"","header-main-stick-meta":"","header-below-stick-meta":"","astra-migrate-meta-layouts":"set","ast-page-background-enabled":"default","ast-page-background-meta":{"desktop":{"background-color":"var(--ast-global-color-4)","background-image":"","background-repeat":"repeat","background-position":"center center","background-size":"auto","background-attachment":"scroll","background-type":"","background-media":"","overlay-type":"","overlay-color":"","overlay-opacity":"","overlay-gradient":""},"tablet":{"background-color":"","background-image":"","background-repeat":"repeat","background-position":"center center","background-size":"auto","background-attachment":"scroll","background-type":"","background-media":"","overlay-type":"","overlay-color":"","overlay-opacity":"","overlay-gradient":""},"mobile":{"background-color":"","background-image":"","background-repeat":"repeat","background-position":"center center","background-size":"auto","background-attachment":"scroll","background-type":"","background-media":"","overlay-type":"","overlay-color":"","overlay-opacity":"","overlay-gradient":""}},"ast-content-background-meta":{"desktop":{"background-color":"var(--ast-global-color-5)","background-image":"","background-repeat":"repeat","background-position":"center center","background-size":"auto","background-attachment":"scroll","background-type":"","background-media":"","overlay-type":"","overlay-color":"","overlay-opacity":"","overlay-gradient":""},"tablet":{"background-color":"var(--ast-global-color-5)","background-image":"","background-repeat":"repeat","background-position":"center center","background-size":"auto","background-attachment":"scroll","background-type":"","background-media":"","overlay-type":"","overlay-color":"","overlay-opacity":"","overlay-gradient":""},"mobile":{"background-color":"var(--ast-global-color-5)","background-image":"","background-repeat":"repeat","background-position":"center center","background-size":"auto","background-attachment":"scroll","background-type":"","background-media":"","overlay-type":"","overlay-color":"","overlay-opacity":"","overlay-gradient":""}},"footnotes":""},"categories":[1],"tags":[],"class_list":["post-1403","post","type-post","status-publish","format-standard","has-post-thumbnail","hentry","category-bez-kategorii"],"_links":{"self":[{"href":"https:\/\/adwokatura-bialystok.pl\/index.php\/wp-json\/wp\/v2\/posts\/1403","targetHints":{"allow":["GET"]}}],"collection":[{"href":"https:\/\/adwokatura-bialystok.pl\/index.php\/wp-json\/wp\/v2\/posts"}],"about":[{"href":"https:\/\/adwokatura-bialystok.pl\/index.php\/wp-json\/wp\/v2\/types\/post"}],"author":[{"embeddable":true,"href":"https:\/\/adwokatura-bialystok.pl\/index.php\/wp-json\/wp\/v2\/users\/1"}],"replies":[{"embeddable":true,"href":"https:\/\/adwokatura-bialystok.pl\/index.php\/wp-json\/wp\/v2\/comments?post=1403"}],"version-history":[{"count":1,"href":"https:\/\/adwokatura-bialystok.pl\/index.php\/wp-json\/wp\/v2\/posts\/1403\/revisions"}],"predecessor-version":[{"id":1405,"href":"https:\/\/adwokatura-bialystok.pl\/index.php\/wp-json\/wp\/v2\/posts\/1403\/revisions\/1405"}],"wp:featuredmedia":[{"embeddable":true,"href":"https:\/\/adwokatura-bialystok.pl\/index.php\/wp-json\/wp\/v2\/media\/1404"}],"wp:attachment":[{"href":"https:\/\/adwokatura-bialystok.pl\/index.php\/wp-json\/wp\/v2\/media?parent=1403"}],"wp:term":[{"taxonomy":"category","embeddable":true,"href":"https:\/\/adwokatura-bialystok.pl\/index.php\/wp-json\/wp\/v2\/categories?post=1403"},{"taxonomy":"post_tag","embeddable":true,"href":"https:\/\/adwokatura-bialystok.pl\/index.php\/wp-json\/wp\/v2\/tags?post=1403"}],"curies":[{"name":"wp","href":"https:\/\/api.w.org\/{rel}","templated":true}]}}