{"id":1570,"date":"2024-07-19T01:02:06","date_gmt":"2024-07-18T23:02:06","guid":{"rendered":"http:\/\/serwer168869.lh.pl\/autoinstalator\/serwer168869.lh.pl\/wordpress74863\/?p=1570"},"modified":"2024-07-19T01:02:06","modified_gmt":"2024-07-18T23:02:06","slug":"pelnomocnik-w-sprawie-podzialu-majatku-bialystok-adwokat-sylwia-tokarzewska-cybulko","status":"publish","type":"post","link":"https:\/\/adwokatura-bialystok.pl\/index.php\/2024\/07\/19\/pelnomocnik-w-sprawie-podzialu-majatku-bialystok-adwokat-sylwia-tokarzewska-cybulko\/","title":{"rendered":"Pe\u0142nomocnik w sprawie podzia\u0142u maj\u0105tku &#8211; Bia\u0142ystok Adwokat Sylwia Tokarzewska-Cybulko"},"content":{"rendered":"<article>\n<p style=\"text-align: justify;\">\n<p style=\"text-align: justify;\">\n<h2 style=\"text-align: justify;\">Jak\u0105 rol\u0119 odgrywa pe\u0142nomocnik przy podziale maj\u0105tku?<\/h2>\n<p style=\"text-align: justify;\">Nie nale\u017cy si\u0119 dziwi\u0107, gdy powiemy, \u017ce <strong>pe\u0142nomocnik<\/strong> w sprawach zwi\u0105zanych z <strong>podzia\u0142em maj\u0105tku<\/strong> odgrywa bardzo istotn\u0105 rol\u0119. Mo\u017cna si\u0119 zapyta\u0107 jaka to rola? Wykorzystuj\u0105c on posiadaj\u0105 wiedz\u0119 merytoryczn\u0105 oraz do\u015bwiadczenie mo\u017ce przygotowa\u0107 odpowiednie stanowisko oraz strategi\u0119 procesow\u0105. Pami\u0119tajmy, \u017ce sprawy zwi\u0105zane z podzia\u0142em maj\u0105tku s\u0105 niesamowicie wa\u017cne, gdy\u017c nierzadko dotycz\u0105 dorobku ca\u0142ego \u017cycia. Czy nie warto wtedy skorzysta\u0107 z <strong>profesjonalnej pomocy i do\u015bwiadczenia adwokata<\/strong>? Osob\u0105 w <strong>Bia\u0142ymstoku<\/strong> b\u0119dzie <strong>adwokat Sylwia Tokarzewska-Cybulko<\/strong> z naszej <strong>Kancelarii Adwokackiej<\/strong>. Bez profesjonalnej pomocy mo\u017cna nie by\u0107 \u015bwiadomym przys\u0142uguj\u0105cych roszczeniach wzgl\u0119dem strony przeciwnej. S\u0105 to mi\u0119dzy innymi nak\u0142ady z <strong>maj\u0105tku osobistego<\/strong> na maj\u0105tek wsp\u00f3lny. S\u0105 to na tyle zawi\u0142e sprawy, \u017ce osoby, kt\u00f3re nie zajmuj\u0105 si\u0119 tym profesjonalnie i nie maj\u0105 do\u015bwiadczenia mog\u0105 nie wiedzie\u0107 o wielu istotnych kwestiach.<\/p>\n<p style=\"text-align: justify;\">Popatrzmy jednak na spraw\u0119 z drugiej strony. Niekiedy kto\u015b mo\u017ce nie by\u0107 \u015bwiadomym konsekwencji zwi\u0105zanych z \u017ale sformu\u0142owanych wniosk\u00f3w. Dobrze dobrany pe\u0142nomocnik pomo\u017ce w unikni\u0119ciu kosztownych b\u0142\u0119d\u00f3w.<\/p>\n<h2 style=\"text-align: justify;\">Adwokat w sprawie o podzia\u0142 maj\u0105tku<\/h2>\n<p style=\"text-align: justify;\">Tak jak w sprawach <strong>rozwodowych<\/strong>, <strong>alimentacyjnych<\/strong> czy o <strong>opiek\u0119 nad dzieckiem<\/strong> tak jak w sprawach o <strong>podzia\u0142 maj\u0105tku<\/strong> <strong>adwokat<\/strong> pe\u0142ni funkcje, kt\u00f3rych nie mo\u017ce nikt inny. Pami\u0119tajmy, \u017ce <strong>prawnik<\/strong> patrzy na spraw\u0119 \u201cna ch\u0142odno\u201d bez emocji. Dzi\u0119ki temu ma on inny ogl\u0105d sytuacji ni\u017c osoba, kt\u00f3ra zwi\u0105zana jest ze spraw\u0105 emocjonalnie. Oczywi\u015bcie nie mo\u017cemy pomin\u0105\u0107 <strong>wiedzy i do\u015bwiadczenia<\/strong>, kt\u00f3re posiada <strong>adwokat<\/strong>.<\/p>\n<p style=\"text-align: justify;\">Dzi\u0119kujemy za lektur\u0119. Zapraszamy serdecznie do kontaktu z nasz\u0105 <strong>Bia\u0142ostock\u0105 Kancelari\u0105 Adwokack\u0105<\/strong>, kt\u00f3ra specjalizuje si\u0119 mi\u0119dzy innymi w tego typu sprawach. Zapraszamy serdecznie do umawiania si\u0119 na konsultacje. Wsp\u00f3\u0142pracujemy na miejscu w <strong>Bia\u0142ymstoku<\/strong> oraz w <strong>spos\u00f3b zdalny<\/strong>. Dzi\u0119ki temu mo\u017cemy nawi\u0105za\u0107 wsp\u00f3\u0142prac\u0119 niezale\u017cnie od geografii oraz pandemii.<\/p>\n<\/article>\n","protected":false},"excerpt":{"rendered":"<p>W dzisiejszym artykule na blogu Kancelarii Adwokackiej z Bia\u0142egostoku, kt\u00f3ra prowadzone jest przez mecenas Sylwi\u0119 Tokarzewsk\u0105-Cybulko, wracamy do tematu podzia\u0142u maj\u0105tku. Sprawy zwi\u0105zane z podzia\u0142em maj\u0105tku potrafi\u0105 ci\u0105gn\u0105\u0107 si\u0119 latami. Jednak nie zawsze musi tak by\u0107. Czy warto nawi\u0105za\u0107 wsp\u00f3\u0142prac\u0119 z pe\u0142nomocnikiem w sprawie podzia\u0142u maj\u0105tku? Zapraszamy do lektury.<\/p>\n","protected":false},"author":1,"featured_media":1571,"comment_status":"open","ping_status":"open","sticky":false,"template":"","format":"standard","meta":{"inline_featured_image":false,"site-sidebar-layout":"default","site-content-layout":"","ast-site-content-layout":"default","site-content-style":"default","site-sidebar-style":"default","ast-global-header-display":"","ast-banner-title-visibility":"","ast-main-header-display":"","ast-hfb-above-header-display":"","ast-hfb-below-header-display":"","ast-hfb-mobile-header-display":"","site-post-title":"","ast-breadcrumbs-content":"","ast-featured-img":"","footer-sml-layout":"","theme-transparent-header-meta":"default","adv-header-id-meta":"","stick-header-meta":"","header-above-stick-meta":"","header-main-stick-meta":"","header-below-stick-meta":"","astra-migrate-meta-layouts":"set","ast-page-background-enabled":"default","ast-page-background-meta":{"desktop":{"background-color":"var(--ast-global-color-4)","background-image":"","background-repeat":"repeat","background-position":"center center","background-size":"auto","background-attachment":"scroll","background-type":"","background-media":"","overlay-type":"","overlay-color":"","overlay-opacity":"","overlay-gradient":""},"tablet":{"background-color":"","background-image":"","background-repeat":"repeat","background-position":"center center","background-size":"auto","background-attachment":"scroll","background-type":"","background-media":"","overlay-type":"","overlay-color":"","overlay-opacity":"","overlay-gradient":""},"mobile":{"background-color":"","background-image":"","background-repeat":"repeat","background-position":"center center","background-size":"auto","background-attachment":"scroll","background-type":"","background-media":"","overlay-type":"","overlay-color":"","overlay-opacity":"","overlay-gradient":""}},"ast-content-background-meta":{"desktop":{"background-color":"var(--ast-global-color-5)","background-image":"","background-repeat":"repeat","background-position":"center center","background-size":"auto","background-attachment":"scroll","background-type":"","background-media":"","overlay-type":"","overlay-color":"","overlay-opacity":"","overlay-gradient":""},"tablet":{"background-color":"var(--ast-global-color-5)","background-image":"","background-repeat":"repeat","background-position":"center center","background-size":"auto","background-attachment":"scroll","background-type":"","background-media":"","overlay-type":"","overlay-color":"","overlay-opacity":"","overlay-gradient":""},"mobile":{"background-color":"var(--ast-global-color-5)","background-image":"","background-repeat":"repeat","background-position":"center center","background-size":"auto","background-attachment":"scroll","background-type":"","background-media":"","overlay-type":"","overlay-color":"","overlay-opacity":"","overlay-gradient":""}},"footnotes":""},"categories":[1],"tags":[],"class_list":["post-1570","post","type-post","status-publish","format-standard","has-post-thumbnail","hentry","category-bez-kategorii"],"_links":{"self":[{"href":"https:\/\/adwokatura-bialystok.pl\/index.php\/wp-json\/wp\/v2\/posts\/1570","targetHints":{"allow":["GET"]}}],"collection":[{"href":"https:\/\/adwokatura-bialystok.pl\/index.php\/wp-json\/wp\/v2\/posts"}],"about":[{"href":"https:\/\/adwokatura-bialystok.pl\/index.php\/wp-json\/wp\/v2\/types\/post"}],"author":[{"embeddable":true,"href":"https:\/\/adwokatura-bialystok.pl\/index.php\/wp-json\/wp\/v2\/users\/1"}],"replies":[{"embeddable":true,"href":"https:\/\/adwokatura-bialystok.pl\/index.php\/wp-json\/wp\/v2\/comments?post=1570"}],"version-history":[{"count":1,"href":"https:\/\/adwokatura-bialystok.pl\/index.php\/wp-json\/wp\/v2\/posts\/1570\/revisions"}],"predecessor-version":[{"id":1572,"href":"https:\/\/adwokatura-bialystok.pl\/index.php\/wp-json\/wp\/v2\/posts\/1570\/revisions\/1572"}],"wp:featuredmedia":[{"embeddable":true,"href":"https:\/\/adwokatura-bialystok.pl\/index.php\/wp-json\/wp\/v2\/media\/1571"}],"wp:attachment":[{"href":"https:\/\/adwokatura-bialystok.pl\/index.php\/wp-json\/wp\/v2\/media?parent=1570"}],"wp:term":[{"taxonomy":"category","embeddable":true,"href":"https:\/\/adwokatura-bialystok.pl\/index.php\/wp-json\/wp\/v2\/categories?post=1570"},{"taxonomy":"post_tag","embeddable":true,"href":"https:\/\/adwokatura-bialystok.pl\/index.php\/wp-json\/wp\/v2\/tags?post=1570"}],"curies":[{"name":"wp","href":"https:\/\/api.w.org\/{rel}","templated":true}]}}