{"id":1697,"date":"2024-07-19T11:01:26","date_gmt":"2024-07-19T09:01:26","guid":{"rendered":"http:\/\/serwer168869.lh.pl\/autoinstalator\/serwer168869.lh.pl\/wordpress74863\/?p=1697"},"modified":"2024-07-19T11:01:26","modified_gmt":"2024-07-19T09:01:26","slug":"nasza-kancelaria-adwokacka-w-dzienniku-gazeta-prawna-bialystok-adwokat-sylwia-tokarzewska-cybulko","status":"publish","type":"post","link":"https:\/\/adwokatura-bialystok.pl\/index.php\/2024\/07\/19\/nasza-kancelaria-adwokacka-w-dzienniku-gazeta-prawna-bialystok-adwokat-sylwia-tokarzewska-cybulko\/","title":{"rendered":"Nasza Kancelaria Adwokacka w Dzienniku Gazeta Prawna &#8211; Bia\u0142ystok Adwokat Sylwia Tokarzewska-Cybulko"},"content":{"rendered":"<article>\n<p style=\"text-align: justify;\">\n<p style=\"text-align: justify;\">\n<h2 style=\"text-align: justify;\">Tre\u015b\u0107 wywiadu<\/h2>\n<p style=\"text-align: justify;\"><strong>Zdaniem rz\u0105du otwarcie sklep\u00f3w w niedziele niehandlowe w strefie przygranicznej z uwagi na stan wy\u017cszej konieczno\u015bci (dzia\u0142anie w celu ochrony wy\u017cszego dobra) jest mo\u017cliwe i nie nara\u017ca sklepikarzy na kary. Czy zgadza si\u0119 pani z t\u0105 wyk\u0142adni\u0105?<\/strong><\/p>\n<p>&nbsp;<\/p>\n<p style=\"text-align: justify;\">Zgodnie z wypowiedzi\u0105 ministra Piotra M\u00fcllera plac\u00f3wki handlowe w strefie przygranicznej, kt\u00f3re zostan\u0105 otwarte w niedziele i \u015bwi\u0119ta w celu pomocy osobom uciekaj\u0105cym przed wojn\u0105, nie musz\u0105 obawia\u0107 si\u0119 kar. Zdaniem rzecznika rz\u0105du ju\u017c na mocy obowi\u0105zuj\u0105cych przepis\u00f3w plac\u00f3wki z wojew\u00f3dztw granicz\u0105cych z Ukrain\u0105 podkarpackiego i lubelskiego \u2013 chroni klauzula generalna, tj. art. 16 par. 1 kodeksu wykrocze\u0144: \u201eNie pope\u0142nia wykroczenia, kto dzia\u0142a w celu uchylenia bezpo\u015bredniego niebezpiecze\u0144stwa gro\u017c\u0105cego dobru chronionemu prawem, je\u017celi niebezpiecze\u0144stwa nie mo\u017cna inaczej unikn\u0105\u0107, a dobro po\u015bwi\u0119cone nie przedstawia warto\u015bci oczywi\u015bcie wi\u0119kszej ni\u017c dobro ratowane\u201d. Moim zdaniem jednak stan wy\u017cszej konieczno\u015bci maj\u0105cy stanowi\u0107 usprawiedliwienie handlu w dni ustawowo wy\u0142\u0105czone nie jest gwarantem unikni\u0119cia<br \/>\nkar przez handlarzy i sklepikarzy.<\/p>\n<p style=\"text-align: justify;\"><strong>Czyli stanowisko rzecznika nie wystarczy?<\/strong><\/p>\n<p style=\"text-align: justify;\">S\u0142owa ministra Piotra M\u00fcllera s\u0105 jedynie deklaracj\u0105 ze strony rz\u0105du, potwierdzon\u0105 aktem prawnym, na kt\u00f3ry w razie kontroli inspekcji pracy sklepikarz m\u00f3g\u0142by si\u0119 powo\u0142a\u0107. W mojej ocenie konieczna jest pilna nowelizacja przepis\u00f3w pozwalaj\u0105ca na prowadzenie sklep\u00f3w w niedziele niehandlowe w strefie przygranicznej. Interpretacja poj\u0119cia stanu wy\u017cszej konieczno\u015bci mo\u017ce rodzi\u0107 problemy z uwagi na uznaniowo\u015b\u0107 i rozbie\u017cno\u015bci w ocenie danego indywidualnego przypadku, bez konkretnej podstawy prawnej. Oczywiste jest, \u017ce mamy do czynienia z sytuacj\u0105 wyj\u0105tkow\u0105 i podj\u0119cie si\u0119 dzia\u0142alno\u015bci wbrew obowi\u0105zuj\u0105cym przepisom pod k\u0105tem moralnym powinno by\u0107 zwolnione z sankcji prawnych. Co jednak, gdy liberalizacja przepis\u00f3w maj\u0105ca na celu pomoc pokrzywdzonym i potrzebuj\u0105cym przyniesie wi\u0119cej nadu\u017cy\u0107 ni\u017c ochrony dobra? Swobodne otwarcie sklep\u00f3w i plac\u00f3wek handlowych zacznie podlega\u0107 powszechnej krytyce, kt\u00f3rej \u2013 w przypadku gro\u017aby kary \u2013 nie wybroni\u0105 s\u0142owa przedstawiciela rz\u0105du. Rz\u0105d ju\u017c zapowiedzia\u0142 nowelizacj\u0119 obowi\u0105zuj\u0105cego prawa. Prosz\u0119 te\u017c pami\u0119ta\u0107, \u017ce Pa\u0144stwowa Inspekcja Pracy nie zaj\u0119\u0142a na razie stanowiska. Brak te\u017c oficjalnego komunikatu do poszczeg\u00f3lnych okr\u0119gowych inspektorat\u00f3w pracy w kwestii kontroli sklep\u00f3w przygranicznych, kt\u00f3re b\u0119d\u0105<br \/>\notwarte w niedziele niehandlowe. Dlatego doradzam wstrzymanie si\u0119 do czasu stosownej nowelizacji.<\/p>\n<p style=\"text-align: justify;\"><strong>Jakie kary gro\u017c\u0105 za otwarcie sklepu w niedziele niehandlowe?<\/strong><\/p>\n<p style=\"text-align: justify;\">Sankcje wymienione w ustawie z 10 stycznia 2018 r. o ograniczeniu handlu w niedziele i \u015bwi\u0119ta oraz w niekt\u00f3re inne dni (t.j. Dz.U. z 2021 r. poz. 936 ze zm.) mog\u0105 by\u0107 dotkliwe \u2013 kara grzywny wynosi od 1 tys. z\u0142 do 100 tys. z\u0142. W uzasadnionych przypadkach mo\u017cna te\u017c zakwalifikowa\u0107 ten czyn jako przest\u0119pstwo naruszaj\u0105ce prawa pracownicze. Przypominam, \u017ce od 1 lutego 2022 r. wesz\u0142y w \u017cycie zmiany w tej ustawie, kt\u00f3re mia\u0142y na celu uszczelnienie obowi\u0105zuj\u0105cego prawa. Najwa\u017cniejsza poprawka uzasadnia istnienie i funkcjonowanie plac\u00f3wki handlowo-pocztowej w dni wolne od pracy jedynie w przypadku, gdy dzia\u0142alno\u015b\u0107 pocztowa stanowi co najmniej 40 proc. jej przychodu. W niedziel\u0119 13 lutego Pa\u0144stwowa Inspekcja Pracy (PIP) pilota\u017cowo kontrolowa\u0142a otwarte plac\u00f3wki handlowe, w kt\u00f3rych zachodzi\u0142o podejrzenie \u0142amania przepis\u00f3w ustawy o ograniczeniu handlu w niedziele i \u015bwi\u0119ta oraz niekt\u00f3re inne dni.<\/p>\n<h2 style=\"text-align: justify;\">Gdzie mo\u017cna naby\u0107 Dziennik Gazeta Prawna?<\/h2>\n<p style=\"text-align: justify;\"><strong>Dziennik Gazeta Prawna<\/strong> to czasopismo, kt\u00f3re jest bardzo cenione przez osoby, kt\u00f3re zainteresowane s\u0105 <strong>prawem<\/strong>. Naby\u0107 je mo\u017cna w salonikach prasowych, kioskach oraz w internecie pod adresem:<\/p>\n<p><a href=\"https:\/\/edgp.gazetaprawna.pl\/e-wydanie\/58381,3-marca-2022\/74247,Gazeta-Prawna\/777319,Deklaracja-rzadu-nie-uchroni-sklepikarzy-przed-karami-za-handel-w-niedziele.html\">https:\/\/edgp.gazetaprawna.pl\/e-wydanie\/58381,3-marca-2022\/74247,Gazeta-Prawna\/777319,Deklaracja-rzadu-nie-uchroni-sklepikarzy-przed-karami-za-handel-w-niedziele.html<\/a><\/p>\n<p style=\"text-align: justify;\">Dzi\u0119kujemy serdecznie za lektur\u0119. Dok\u0142adamy wszelkich stara\u0144 aby potwierdza\u0107 sw\u00f3j profesjonalizm. Dzi\u0119kujemy tak\u017ce za zaufanie i kontakt z nasz\u0105 Kancelari\u0105 Adwokack\u0105 z Bia\u0142egostoku gdzie mo\u017cemy podj\u0105\u0107 wsp\u00f3\u0142prac\u0119 w wszelkich aspektach prawnych.<\/p>\n<\/article>\n","protected":false},"excerpt":{"rendered":"<p>Dzisiaj artyku\u0142 inny ni\u017c te, kt\u00f3re znaj\u0105 Pa\u0144stwo dot\u0105d. W ostatnim wydaniu Dziennik Gazeta Prawna Mecenas Sylwia Tokarzewska-Cybulko odpowiedzia\u0142a na pytania na temat handlu w niedziel\u0119. Wyst\u0105pienie w takim czasopi\u015bmie jest potwierdzeniem najwy\u017cszej jako\u015bci naszej Bia\u0142ostockiej Kancelarii Adwokackiej. Zapraszamy do lektury wywiadu Urszuli Mirowskiej z Mecenas Sylwi\u0105 Tokarzewsk\u0105-Cybulko.<\/p>\n","protected":false},"author":1,"featured_media":1698,"comment_status":"open","ping_status":"open","sticky":false,"template":"","format":"standard","meta":{"inline_featured_image":false,"site-sidebar-layout":"default","site-content-layout":"","ast-site-content-layout":"default","site-content-style":"default","site-sidebar-style":"default","ast-global-header-display":"","ast-banner-title-visibility":"","ast-main-header-display":"","ast-hfb-above-header-display":"","ast-hfb-below-header-display":"","ast-hfb-mobile-header-display":"","site-post-title":"","ast-breadcrumbs-content":"","ast-featured-img":"","footer-sml-layout":"","theme-transparent-header-meta":"default","adv-header-id-meta":"","stick-header-meta":"","header-above-stick-meta":"","header-main-stick-meta":"","header-below-stick-meta":"","astra-migrate-meta-layouts":"set","ast-page-background-enabled":"default","ast-page-background-meta":{"desktop":{"background-color":"var(--ast-global-color-4)","background-image":"","background-repeat":"repeat","background-position":"center center","background-size":"auto","background-attachment":"scroll","background-type":"","background-media":"","overlay-type":"","overlay-color":"","overlay-opacity":"","overlay-gradient":""},"tablet":{"background-color":"","background-image":"","background-repeat":"repeat","background-position":"center center","background-size":"auto","background-attachment":"scroll","background-type":"","background-media":"","overlay-type":"","overlay-color":"","overlay-opacity":"","overlay-gradient":""},"mobile":{"background-color":"","background-image":"","background-repeat":"repeat","background-position":"center center","background-size":"auto","background-attachment":"scroll","background-type":"","background-media":"","overlay-type":"","overlay-color":"","overlay-opacity":"","overlay-gradient":""}},"ast-content-background-meta":{"desktop":{"background-color":"var(--ast-global-color-5)","background-image":"","background-repeat":"repeat","background-position":"center center","background-size":"auto","background-attachment":"scroll","background-type":"","background-media":"","overlay-type":"","overlay-color":"","overlay-opacity":"","overlay-gradient":""},"tablet":{"background-color":"var(--ast-global-color-5)","background-image":"","background-repeat":"repeat","background-position":"center center","background-size":"auto","background-attachment":"scroll","background-type":"","background-media":"","overlay-type":"","overlay-color":"","overlay-opacity":"","overlay-gradient":""},"mobile":{"background-color":"var(--ast-global-color-5)","background-image":"","background-repeat":"repeat","background-position":"center center","background-size":"auto","background-attachment":"scroll","background-type":"","background-media":"","overlay-type":"","overlay-color":"","overlay-opacity":"","overlay-gradient":""}},"footnotes":""},"categories":[1],"tags":[],"class_list":["post-1697","post","type-post","status-publish","format-standard","has-post-thumbnail","hentry","category-bez-kategorii"],"_links":{"self":[{"href":"https:\/\/adwokatura-bialystok.pl\/index.php\/wp-json\/wp\/v2\/posts\/1697","targetHints":{"allow":["GET"]}}],"collection":[{"href":"https:\/\/adwokatura-bialystok.pl\/index.php\/wp-json\/wp\/v2\/posts"}],"about":[{"href":"https:\/\/adwokatura-bialystok.pl\/index.php\/wp-json\/wp\/v2\/types\/post"}],"author":[{"embeddable":true,"href":"https:\/\/adwokatura-bialystok.pl\/index.php\/wp-json\/wp\/v2\/users\/1"}],"replies":[{"embeddable":true,"href":"https:\/\/adwokatura-bialystok.pl\/index.php\/wp-json\/wp\/v2\/comments?post=1697"}],"version-history":[{"count":1,"href":"https:\/\/adwokatura-bialystok.pl\/index.php\/wp-json\/wp\/v2\/posts\/1697\/revisions"}],"predecessor-version":[{"id":1699,"href":"https:\/\/adwokatura-bialystok.pl\/index.php\/wp-json\/wp\/v2\/posts\/1697\/revisions\/1699"}],"wp:featuredmedia":[{"embeddable":true,"href":"https:\/\/adwokatura-bialystok.pl\/index.php\/wp-json\/wp\/v2\/media\/1698"}],"wp:attachment":[{"href":"https:\/\/adwokatura-bialystok.pl\/index.php\/wp-json\/wp\/v2\/media?parent=1697"}],"wp:term":[{"taxonomy":"category","embeddable":true,"href":"https:\/\/adwokatura-bialystok.pl\/index.php\/wp-json\/wp\/v2\/categories?post=1697"},{"taxonomy":"post_tag","embeddable":true,"href":"https:\/\/adwokatura-bialystok.pl\/index.php\/wp-json\/wp\/v2\/tags?post=1697"}],"curies":[{"name":"wp","href":"https:\/\/api.w.org\/{rel}","templated":true}]}}