{"id":1719,"date":"2024-07-19T11:06:00","date_gmt":"2024-07-19T09:06:00","guid":{"rendered":"http:\/\/serwer168869.lh.pl\/autoinstalator\/serwer168869.lh.pl\/wordpress74863\/?p=1719"},"modified":"2024-07-19T11:06:00","modified_gmt":"2024-07-19T09:06:00","slug":"polski-lad-dla-kogo-jest-pit-2-i-do-kiedy-trzeba-go-zlozyc-bialystok-adwokat-sylwia-tokarzewska-cybulko","status":"publish","type":"post","link":"https:\/\/adwokatura-bialystok.pl\/index.php\/2024\/07\/19\/polski-lad-dla-kogo-jest-pit-2-i-do-kiedy-trzeba-go-zlozyc-bialystok-adwokat-sylwia-tokarzewska-cybulko\/","title":{"rendered":"Polski \u0141ad: Dla kogo jest PIT-2 i do kiedy trzeba go z\u0142o\u017cy\u0107? &#8211; Bia\u0142ystok Adwokat Sylwia Tokarzewska-Cybulko"},"content":{"rendered":"<article>\n<p style=\"text-align: justify;\">\n<p style=\"text-align: justify;\">\n<h2 style=\"text-align: justify;\">Jakie zmiany przynosi Polski \u0141ad?<\/h2>\n<p style=\"text-align: justify;\">W tym punkcie skupimy si\u0119 na <strong>zmianach podatkowych<\/strong>, kt\u00f3re zawarte s\u0105 w tym programie. Pierwszym punktem jest <strong>kwota wolna od podatku<\/strong>. Zosta\u0142a ona podwy\u017cszona z 8000 z\u0142otych do 30000 z\u0142otych w skali roku. Wraz z tym zmienia si\u0119 <strong>zaliczka na podatek dochodowy<\/strong>. Zosta\u0142 on zmniejszony do poziomu 425 z\u0142otych miesi\u0119cznie. I w\u0142a\u015bnie w tej chwili przechodzimy do PIT-2, gdy\u017c musimy gdy chcemy aby nasza pensja by\u0142a pomniejszona o zaliczk\u0119 za dany miesi\u0105c o kwot\u0119 zmniejszaj\u0105c\u0105 podatek to musimy mu przed\u0142o\u017cy\u0107 owy PIT-2. Oczywi\u015bcie w sytuacji gdy ju\u017c wcze\u015bniej przedk\u0142adali\u015bmy PIT-2 dla <strong>pracodawcy<\/strong> to nie musimy robi\u0107 tego ponownie. Musimy mie\u0107 w pami\u0119ci, \u017ce od pocz\u0105tku tego roku ka\u017cdemu przys\u0142uguje kwota wolna od podatku w wysoko\u015bci 30 tysi\u0119cy z\u0142otych. W poprzednich latach by\u0142a to kwota 8 tysi\u0119cy, ale przy charakterze <strong>degresywnym<\/strong>, wi\u0119c nie przys\u0142ugiwa\u0142a ona ka\u017cdemu.<\/p>\n<h2 style=\"text-align: justify;\">W jakim przypadku pracodawca mo\u017ce odj\u0105\u0107 od podatku kwot\u0119 zmniejszaj\u0105c\u0105?<\/h2>\n<p style=\"text-align: justify;\">S\u0105 sytuacje, w kt\u00f3rych pracodawca mo\u017ce odj\u0105\u0107 od podatku kwot\u0119 zmniejszaj\u0105c\u0105. Takie sytuacje to te w kt\u00f3rych poza przychodami w pracy nie posiada on przychod\u00f3w wynikaj\u0105cych z emerytury lub renty za po\u015brednictwem p\u0142atnika. Innym przyk\u0142adem to nie osi\u0105ganie dochod\u00f3w z tytu\u0142u cz\u0142onkostwa w rolniczej sp\u00f3\u0142dzielni produkcyjnej. Nast\u0119pnym przyk\u0142adem jest brak osi\u0105gania dochod\u00f3w opodatkowanych wed\u0142ug skali podatkowej.<\/p>\n<h2 style=\"text-align: justify;\">Praca na kilku etatach, a PIT-2<\/h2>\n<p style=\"text-align: justify;\">W sytuacji gdy posiadamy kilka etat\u00f3w to <strong>PIT-2<\/strong> mo\u017ce z\u0142o\u017cy\u0107 jedynie u jednego pracodawcy. Nie mo\u017cemy zapomnie\u0107 o tym, \u017ce raz z\u0142o\u017cony <strong>PIT-2<\/strong> posiada zachowan\u0105 wa\u017cno\u015b\u0107 w kolejnych latach podatkowych. Traci on wa\u017cno\u015b\u0107 po jego odwo\u0142aniu lub wycofaniu przez pracodawc\u0119.<\/p>\n<p style=\"text-align: justify;\">Dzi\u0119kujemy serdecznie za lektur\u0119. Mamy nadziej\u0119, \u017ce lektura powy\u017cszego artyku\u0142u odpowiedzia\u0142a Pa\u0144stwu na wszelkie pytanie na temat <strong>PIT-2<\/strong>. Zapraszamy serdecznie do kontaktu z nasz\u0105 <strong>Bia\u0142ostock\u0105 Kancelari\u0105 Adwokack\u0105<\/strong>, gdzie pod przewodnictwem <strong>mecenas Sylwii Tokarzewskiej-Cybulko<\/strong> znajd\u0105 Pa\u0144stwo zesp\u00f3\u0142 <strong>do\u015bwiadczonych i profesjonalnych adwokat\u00f3w<\/strong>.<\/p>\n<\/article>\n","protected":false},"excerpt":{"rendered":"<p>Rozpocz\u0119li\u015bmy nowy rok ju\u017c par\u0119na\u015bcie dni temu, a wraz z nim wesz\u0142y przepisy Polskiego \u0141adu. W ostatnich dniach bardzo du\u017co m\u00f3wi si\u0119 o PIT-2. Czym jest owe pismo i dla kogo jest ono wa\u017cne? Do kiedy powinno si\u0119 je z\u0142o\u017cy\u0107? Zapraszamy do lektury nowego artyku\u0142u na blogu Kancelarii Adwokackiej w Bia\u0142ymstoku, kt\u00f3ra prowadzona jest przez mecenas Sylwi\u0119 Tokarzewsk\u0105-Cybulko.<\/p>\n","protected":false},"author":1,"featured_media":1720,"comment_status":"open","ping_status":"open","sticky":false,"template":"","format":"standard","meta":{"inline_featured_image":false,"site-sidebar-layout":"default","site-content-layout":"","ast-site-content-layout":"default","site-content-style":"default","site-sidebar-style":"default","ast-global-header-display":"","ast-banner-title-visibility":"","ast-main-header-display":"","ast-hfb-above-header-display":"","ast-hfb-below-header-display":"","ast-hfb-mobile-header-display":"","site-post-title":"","ast-breadcrumbs-content":"","ast-featured-img":"","footer-sml-layout":"","theme-transparent-header-meta":"default","adv-header-id-meta":"","stick-header-meta":"","header-above-stick-meta":"","header-main-stick-meta":"","header-below-stick-meta":"","astra-migrate-meta-layouts":"set","ast-page-background-enabled":"default","ast-page-background-meta":{"desktop":{"background-color":"var(--ast-global-color-4)","background-image":"","background-repeat":"repeat","background-position":"center center","background-size":"auto","background-attachment":"scroll","background-type":"","background-media":"","overlay-type":"","overlay-color":"","overlay-opacity":"","overlay-gradient":""},"tablet":{"background-color":"","background-image":"","background-repeat":"repeat","background-position":"center center","background-size":"auto","background-attachment":"scroll","background-type":"","background-media":"","overlay-type":"","overlay-color":"","overlay-opacity":"","overlay-gradient":""},"mobile":{"background-color":"","background-image":"","background-repeat":"repeat","background-position":"center center","background-size":"auto","background-attachment":"scroll","background-type":"","background-media":"","overlay-type":"","overlay-color":"","overlay-opacity":"","overlay-gradient":""}},"ast-content-background-meta":{"desktop":{"background-color":"var(--ast-global-color-5)","background-image":"","background-repeat":"repeat","background-position":"center center","background-size":"auto","background-attachment":"scroll","background-type":"","background-media":"","overlay-type":"","overlay-color":"","overlay-opacity":"","overlay-gradient":""},"tablet":{"background-color":"var(--ast-global-color-5)","background-image":"","background-repeat":"repeat","background-position":"center center","background-size":"auto","background-attachment":"scroll","background-type":"","background-media":"","overlay-type":"","overlay-color":"","overlay-opacity":"","overlay-gradient":""},"mobile":{"background-color":"var(--ast-global-color-5)","background-image":"","background-repeat":"repeat","background-position":"center center","background-size":"auto","background-attachment":"scroll","background-type":"","background-media":"","overlay-type":"","overlay-color":"","overlay-opacity":"","overlay-gradient":""}},"footnotes":""},"categories":[1],"tags":[],"class_list":["post-1719","post","type-post","status-publish","format-standard","has-post-thumbnail","hentry","category-bez-kategorii"],"_links":{"self":[{"href":"https:\/\/adwokatura-bialystok.pl\/index.php\/wp-json\/wp\/v2\/posts\/1719","targetHints":{"allow":["GET"]}}],"collection":[{"href":"https:\/\/adwokatura-bialystok.pl\/index.php\/wp-json\/wp\/v2\/posts"}],"about":[{"href":"https:\/\/adwokatura-bialystok.pl\/index.php\/wp-json\/wp\/v2\/types\/post"}],"author":[{"embeddable":true,"href":"https:\/\/adwokatura-bialystok.pl\/index.php\/wp-json\/wp\/v2\/users\/1"}],"replies":[{"embeddable":true,"href":"https:\/\/adwokatura-bialystok.pl\/index.php\/wp-json\/wp\/v2\/comments?post=1719"}],"version-history":[{"count":1,"href":"https:\/\/adwokatura-bialystok.pl\/index.php\/wp-json\/wp\/v2\/posts\/1719\/revisions"}],"predecessor-version":[{"id":1721,"href":"https:\/\/adwokatura-bialystok.pl\/index.php\/wp-json\/wp\/v2\/posts\/1719\/revisions\/1721"}],"wp:featuredmedia":[{"embeddable":true,"href":"https:\/\/adwokatura-bialystok.pl\/index.php\/wp-json\/wp\/v2\/media\/1720"}],"wp:attachment":[{"href":"https:\/\/adwokatura-bialystok.pl\/index.php\/wp-json\/wp\/v2\/media?parent=1719"}],"wp:term":[{"taxonomy":"category","embeddable":true,"href":"https:\/\/adwokatura-bialystok.pl\/index.php\/wp-json\/wp\/v2\/categories?post=1719"},{"taxonomy":"post_tag","embeddable":true,"href":"https:\/\/adwokatura-bialystok.pl\/index.php\/wp-json\/wp\/v2\/tags?post=1719"}],"curies":[{"name":"wp","href":"https:\/\/api.w.org\/{rel}","templated":true}]}}