{"id":1824,"date":"2024-07-19T12:31:43","date_gmt":"2024-07-19T10:31:43","guid":{"rendered":"http:\/\/serwer168869.lh.pl\/autoinstalator\/serwer168869.lh.pl\/wordpress74863\/?p=1824"},"modified":"2024-07-19T12:31:43","modified_gmt":"2024-07-19T10:31:43","slug":"czym-jest-sad-gospodarczy-bialystok-adwokat-sylwia-tokarzewska","status":"publish","type":"post","link":"https:\/\/adwokatura-bialystok.pl\/index.php\/2024\/07\/19\/czym-jest-sad-gospodarczy-bialystok-adwokat-sylwia-tokarzewska\/","title":{"rendered":"Czym jest s\u0105d gospodarczy? &#8211; Bia\u0142ystok Adwokat Sylwia Tokarzewska"},"content":{"rendered":"<article>\n<p style=\"text-align: justify;\">\n<p style=\"text-align: justify;\">\n<h2 style=\"text-align: justify;\">Par\u0119 s\u0142\u00f3w wst\u0119pu<\/h2>\n<p style=\"text-align: justify;\">Ka\u017cda osoba, kt\u00f3ra prowadzi firm\u0119 i jest <strong>przedsi\u0119biorc\u0105<\/strong> w pewnym momencie stanie przed wyborem czy zg\u0142asza\u0107 si\u0119 do s\u0105du o pomoc w odzyskaniu zap\u0142aty czy nie. Gdy zdecyduje si\u0119 zwr\u00f3ci\u0107 o tak\u0105 pomoc musi by\u0107 \u015bwiadomy jaki tryb trzeba zainicjowa\u0107 oraz do kt\u00f3rego wydzia\u0142u s\u0105du wnie\u015b\u0107 pozew. Gdy zostanie ustalony odpowiedni wydzia\u0142 oraz tryb trzeba zweryfikowa\u0107 czy sprawa jest spraw\u0105 gospodarcz\u0105. Jest to niezwykle wa\u017cne do wyboru w\u0142a\u015bciwego s\u0105du. Do wyboru s\u0105 s\u0105dy gospodarcze lub wydzia\u0142 cywilny.<\/p>\n<h2 style=\"text-align: justify;\">Czym jest sprawa sprawa gospodarcza?<\/h2>\n<p style=\"text-align: justify;\">W sytuacji gdy jeste\u015bmy <strong>przedsi\u0119biorc\u0105<\/strong> i chcemy pozwa\u0107 drugiego przedsi\u0119biorc\u0119 w sprawie dotycz\u0105cej prowadzonej przez nas dzia\u0142alno\u015bci to mamy tutaj <strong>spraw\u0119 o charakterze gospodarczym<\/strong>. Przyk\u0142adem mo\u017ce by\u0107 <strong>dzia\u0142alno\u015b\u0107 gospodarcza<\/strong> jak\u0105 jest prowadzenie hurtowni i sprzeda\u017cy towaru drugiemu przedsi\u0119biorcy, kt\u00f3ry nie zap\u0142aci\u0107 faktury terminowej.<\/p>\n<h2 style=\"text-align: justify;\">Co to jest s\u0105d gospodarczy?<\/h2>\n<p style=\"text-align: justify;\"><strong>S\u0105d gospodarczy<\/strong> jest to jednostka organizacyjna, kt\u00f3ra utworzona jest w s\u0105dach rejonowych lub s\u0105dach okr\u0119gowych. S\u0105d ten zajmuje si\u0119 rozpoznawaniem spraw gospodarczych. Musimy jednak pami\u0119ta\u0107, \u017ce nie w ka\u017cdej jednostce s\u0105du rejonowego znajduje si\u0119 s\u0105d gospodarczy (czy wydzia\u0142 gospodarczy). Wtedy sprawy gospodarcze mog\u0105 by\u0107 prowadzone przez inne wydzia\u0142y s\u0105d\u00f3w rejonowych.<\/p>\n<h2 style=\"text-align: justify;\">Czy zawsze s\u0105d gospodarczy b\u0119dzie w\u0142a\u015bciwy w sprawie o zap\u0142at\u0119?<\/h2>\n<p style=\"text-align: justify;\">Zadaj\u0105c powy\u017csze pytanie mo\u017cemy si\u0119 zastanowi\u0107 &#8211; przecie\u017c to logiczne. Jednak nie zawsze w sprawach o zap\u0142at\u0119 w\u0142a\u015bciwy b\u0119dzie <strong>s\u0105d gospodarczy<\/strong>. Na przyk\u0142ad w sytuacji, gdy osob\u0105, kt\u00f3ra ma by\u0107 pozwana jest konsument to sprawa b\u0119dzie mia\u0142a charakter cywilny. W takim przyk\u0142adu w\u0142a\u015bciwym s\u0105dem b\u0119dzie s\u0105d rejonowy lub okr\u0119gowy i odpowiedni wydzia\u0142 cywilny.<\/p>\n<p style=\"text-align: justify;\">Zawsze dobrym rozwi\u0105zaniem b\u0119dzie skonsultowanie sprawy z <strong>do\u015bwiadczonym i profesjonalnym adwokatem<\/strong>, kt\u00f3ry pomo\u017ce nam odpowiednio za\u0142o\u017cy\u0107 i poprowadzi\u0107 spraw\u0119. Zapraszamy serdecznie do kontaktu z nasz\u0105 <strong>Bia\u0142ostock\u0105 Kancelari\u0105 Adwokack\u0105<\/strong>. Mamy bardzo du\u017ce <strong>do\u015bwiadczenie w sprawach cywilnych oraz gospodarczych<\/strong>. Zach\u0119camy do kontaktu i zaufaniu <strong>profesjonalizmowi<\/strong>.<\/p>\n<\/article>\n","protected":false},"excerpt":{"rendered":"<p>Dzisiaj chcieliby\u015bmy Pa\u0144stwu przybli\u017cy\u0107 to czym s\u0105 sprawy gospodarcze oraz czym zajmuje si\u0119 s\u0105d gospodarczy. Dzi\u0119kujemy, \u017ce trafili\u015bcie Pa\u0144stwo na nasz blog i zapraszamy na wst\u0119pie do kontaktu z Kancelari\u0105 Adwokack\u0105 w Bia\u0142ymstoku, kt\u00f3ra prowadzona jest przez mecenas Sylwi\u0119 Tokarzewsk\u0105. Zapraszamy do lektury.<\/p>\n","protected":false},"author":1,"featured_media":1825,"comment_status":"open","ping_status":"open","sticky":false,"template":"","format":"standard","meta":{"inline_featured_image":false,"site-sidebar-layout":"default","site-content-layout":"","ast-site-content-layout":"default","site-content-style":"default","site-sidebar-style":"default","ast-global-header-display":"","ast-banner-title-visibility":"","ast-main-header-display":"","ast-hfb-above-header-display":"","ast-hfb-below-header-display":"","ast-hfb-mobile-header-display":"","site-post-title":"","ast-breadcrumbs-content":"","ast-featured-img":"","footer-sml-layout":"","theme-transparent-header-meta":"default","adv-header-id-meta":"","stick-header-meta":"","header-above-stick-meta":"","header-main-stick-meta":"","header-below-stick-meta":"","astra-migrate-meta-layouts":"set","ast-page-background-enabled":"default","ast-page-background-meta":{"desktop":{"background-color":"var(--ast-global-color-4)","background-image":"","background-repeat":"repeat","background-position":"center center","background-size":"auto","background-attachment":"scroll","background-type":"","background-media":"","overlay-type":"","overlay-color":"","overlay-opacity":"","overlay-gradient":""},"tablet":{"background-color":"","background-image":"","background-repeat":"repeat","background-position":"center center","background-size":"auto","background-attachment":"scroll","background-type":"","background-media":"","overlay-type":"","overlay-color":"","overlay-opacity":"","overlay-gradient":""},"mobile":{"background-color":"","background-image":"","background-repeat":"repeat","background-position":"center center","background-size":"auto","background-attachment":"scroll","background-type":"","background-media":"","overlay-type":"","overlay-color":"","overlay-opacity":"","overlay-gradient":""}},"ast-content-background-meta":{"desktop":{"background-color":"var(--ast-global-color-5)","background-image":"","background-repeat":"repeat","background-position":"center center","background-size":"auto","background-attachment":"scroll","background-type":"","background-media":"","overlay-type":"","overlay-color":"","overlay-opacity":"","overlay-gradient":""},"tablet":{"background-color":"var(--ast-global-color-5)","background-image":"","background-repeat":"repeat","background-position":"center center","background-size":"auto","background-attachment":"scroll","background-type":"","background-media":"","overlay-type":"","overlay-color":"","overlay-opacity":"","overlay-gradient":""},"mobile":{"background-color":"var(--ast-global-color-5)","background-image":"","background-repeat":"repeat","background-position":"center center","background-size":"auto","background-attachment":"scroll","background-type":"","background-media":"","overlay-type":"","overlay-color":"","overlay-opacity":"","overlay-gradient":""}},"footnotes":""},"categories":[1],"tags":[],"class_list":["post-1824","post","type-post","status-publish","format-standard","has-post-thumbnail","hentry","category-bez-kategorii"],"_links":{"self":[{"href":"https:\/\/adwokatura-bialystok.pl\/index.php\/wp-json\/wp\/v2\/posts\/1824","targetHints":{"allow":["GET"]}}],"collection":[{"href":"https:\/\/adwokatura-bialystok.pl\/index.php\/wp-json\/wp\/v2\/posts"}],"about":[{"href":"https:\/\/adwokatura-bialystok.pl\/index.php\/wp-json\/wp\/v2\/types\/post"}],"author":[{"embeddable":true,"href":"https:\/\/adwokatura-bialystok.pl\/index.php\/wp-json\/wp\/v2\/users\/1"}],"replies":[{"embeddable":true,"href":"https:\/\/adwokatura-bialystok.pl\/index.php\/wp-json\/wp\/v2\/comments?post=1824"}],"version-history":[{"count":1,"href":"https:\/\/adwokatura-bialystok.pl\/index.php\/wp-json\/wp\/v2\/posts\/1824\/revisions"}],"predecessor-version":[{"id":1826,"href":"https:\/\/adwokatura-bialystok.pl\/index.php\/wp-json\/wp\/v2\/posts\/1824\/revisions\/1826"}],"wp:featuredmedia":[{"embeddable":true,"href":"https:\/\/adwokatura-bialystok.pl\/index.php\/wp-json\/wp\/v2\/media\/1825"}],"wp:attachment":[{"href":"https:\/\/adwokatura-bialystok.pl\/index.php\/wp-json\/wp\/v2\/media?parent=1824"}],"wp:term":[{"taxonomy":"category","embeddable":true,"href":"https:\/\/adwokatura-bialystok.pl\/index.php\/wp-json\/wp\/v2\/categories?post=1824"},{"taxonomy":"post_tag","embeddable":true,"href":"https:\/\/adwokatura-bialystok.pl\/index.php\/wp-json\/wp\/v2\/tags?post=1824"}],"curies":[{"name":"wp","href":"https:\/\/api.w.org\/{rel}","templated":true}]}}