{"id":1830,"date":"2024-07-19T12:32:45","date_gmt":"2024-07-19T10:32:45","guid":{"rendered":"http:\/\/serwer168869.lh.pl\/autoinstalator\/serwer168869.lh.pl\/wordpress74863\/?p=1830"},"modified":"2024-07-19T12:32:45","modified_gmt":"2024-07-19T10:32:45","slug":"czym-jest-majatek-osobisty-bialystok-adwokat-sylwia-tokarzewska","status":"publish","type":"post","link":"https:\/\/adwokatura-bialystok.pl\/index.php\/2024\/07\/19\/czym-jest-majatek-osobisty-bialystok-adwokat-sylwia-tokarzewska\/","title":{"rendered":"Czym jest maj\u0105tek osobisty? &#8211; Bia\u0142ystok Adwokat Sylwia Tokarzewska"},"content":{"rendered":"<article>\n<p style=\"text-align: justify;\">\n<p style=\"text-align: justify;\">\n<h2 style=\"text-align: justify;\">Czym jest maj\u0105tek osobisty?<\/h2>\n<p style=\"text-align: justify;\">Gdy wst\u0119pujemy w <strong>zwi\u0105zek ma\u0142\u017ce\u0144ski<\/strong> w mocy prawa <strong>powstaje wsp\u00f3lno\u015b\u0107 maj\u0105tkowa<\/strong>. W sytuacji gdy nie podpisali <strong>intercyzy<\/strong> to ma\u0142\u017conkowie tworz\u0105 <strong>maj\u0105tek wsp\u00f3lny<\/strong>. Dok\u0142adniej rzecz opisuj\u0105c mamy wtedy: <strong>maj\u0105tek wsp\u00f3lny ma\u0142\u017conk\u00f3w<\/strong>, <strong>maj\u0105tek osobisty \u017cony<\/strong> oraz <strong>maj\u0105tek osobisty m\u0119\u017ca<\/strong>. W sk\u0142ad <strong>maj\u0105tku wsp\u00f3lnego<\/strong> zaliczamy rzeczy nabyte przez oboje ma\u0142\u017conk\u00f3w lub jedn\u0105 ze stron ma\u0142\u017ce\u0144stwa w czasie trwania ma\u0142\u017ce\u0144stwa. S\u0105 to tak\u017ce wynagrodzenia za prac\u0119 i dochody z innych dzia\u0142alno\u015bci zarobkowych, dochody pochodz\u0105ce ze wsp\u00f3lnego oraz osobistego maj\u0105tku, \u015brodki, kt\u00f3re zosta\u0142y zgromadzone na rachunku (otwartym oraz pracowniczym funduszu emerytalnym) i kwota sk\u0142adek zewidencjonowanych na subkoncie w ZUS.<\/p>\n<h2 style=\"text-align: justify;\">Czym jest maj\u0105tek osobisty jednego z ma\u0142\u017conk\u00f3w?<\/h2>\n<p style=\"text-align: justify;\">M\u00f3wi\u0105c najpro\u015bciej to <strong>maj\u0105tek osobisty<\/strong> to nic innego jak to co zosta\u0142o nabyte przed <strong>zawarciem ma\u0142\u017ce\u0144stwa<\/strong> przez ka\u017cde z ma\u0142\u017conk\u00f3w. Przyk\u0142adem mo\u017ce by\u0107 <strong>nieruchomo\u015b\u0107<\/strong> czy samoch\u00f3d, kt\u00f3ry zosta\u0142 nabyty przez na przyk\u0142ad m\u0119\u017ca przed zawarciem zwi\u0105zku ma\u0142\u017ce\u0144skiego. Wtedy takie rzeczy nie wchodz\u0105 w sk\u0142ad <strong>maj\u0105tku wsp\u00f3lnego<\/strong>. <strong>Maj\u0105tek osobisty<\/strong> to tak\u017ce przedmioty maj\u0105tkowe, kt\u00f3re zosta\u0142y nabyte przez <strong>dziedziczenie<\/strong>, zapis lub <strong>darowizn\u0119<\/strong> (oczywi\u015bcie w sytuacji gdy <strong>darczy\u0144ca<\/strong> nie zaznaczy\u0142 inaczej). Inne przyk\u0142ady to &#8211; <strong>prawa maj\u0105tkowe<\/strong> wynikaj\u0105ce ze wsp\u00f3lno\u015bci \u0142\u0105cznej podlegaj\u0105cej odr\u0119bnym przepisom czyli udzia\u0142y w sp\u00f3\u0142ce cywilnej, prawa niezbywalne przys\u0142uguj\u0105ce tylko jednej osobie, przedmioty maj\u0105tkowe, kt\u00f3re s\u0142u\u017c\u0105 wy\u0142\u0105cznie do zaspokajania osobistych potrzeb jednego z ma\u0142\u017conk\u00f3w. Do maj\u0105tku wsp\u00f3lnego nie wchodz\u0105 tak\u017ce odszkodowania za uszkodzenie cia\u0142a czy innego rodzaju rozstroju zdrowia czy zado\u015b\u0107uczynienie za krzywd\u0119 &#8211; jednak inna sytuacja z jest z rent\u0105 wynikaj\u0105c\u0105 z powodu ca\u0142kowitej lub cz\u0119\u015bciowej utraty zdolno\u015bci do pracy zarobkowej. Prawa autorskie i prawa pokrewne oraz przedmioty maj\u0105tkowe uzyskane z tytu\u0142u nagrody za osobiste osi\u0105gni\u0119cia tak\u017ce nie wchodz\u0105 w sk\u0142ad maj\u0105tku wsp\u00f3lnego.<\/p>\n<p style=\"text-align: justify;\">Mamy nadziej\u0119, \u017ce przybli\u017cyli\u015bmy Pa\u0144stwu temat r\u00f3\u017cnic mi\u0119dzy <strong>maj\u0105tkiem wsp\u00f3lnym<\/strong>, a <strong>maj\u0105tkiem osobistym<\/strong>. Dzi\u0119kujemy serdecznie za lektur\u0119 i zapraszamy serdecznie do kontaktu z nasz\u0105 <strong>Bia\u0142ostock\u0105 Kancelari\u0105 Adwokack\u0105<\/strong>, kt\u00f3ra cechuje si\u0119 <strong>do\u015bwiadczeniem<\/strong> oraz <strong>profesjonalizmem<\/strong>.<\/p>\n<\/article>\n","protected":false},"excerpt":{"rendered":"<p>Na naszym blogu mog\u0105 Pa\u0144stwo znale\u017a\u0107 informacje na temat podzia\u0142u maj\u0105tku, rozwodach oraz sprawach pokrewnych. Jednak czym jest maj\u0105tek osobisty? Jak wygl\u0105da sytuacja z maj\u0105tkiem osobistym gdy decydujemy si\u0119 na rozw\u00f3d? Zapraszamy serdecznie do lektury nowego artyku\u0142u prosto z Kancelarii Adwokackiej w Bia\u0142ymstoku, kt\u00f3ra prowadzona jest przez mecenas Sylwi\u0119 Tokarzewsk\u0105.<\/p>\n","protected":false},"author":1,"featured_media":1831,"comment_status":"open","ping_status":"open","sticky":false,"template":"","format":"standard","meta":{"inline_featured_image":false,"site-sidebar-layout":"default","site-content-layout":"","ast-site-content-layout":"default","site-content-style":"default","site-sidebar-style":"default","ast-global-header-display":"","ast-banner-title-visibility":"","ast-main-header-display":"","ast-hfb-above-header-display":"","ast-hfb-below-header-display":"","ast-hfb-mobile-header-display":"","site-post-title":"","ast-breadcrumbs-content":"","ast-featured-img":"","footer-sml-layout":"","theme-transparent-header-meta":"default","adv-header-id-meta":"","stick-header-meta":"","header-above-stick-meta":"","header-main-stick-meta":"","header-below-stick-meta":"","astra-migrate-meta-layouts":"set","ast-page-background-enabled":"default","ast-page-background-meta":{"desktop":{"background-color":"var(--ast-global-color-4)","background-image":"","background-repeat":"repeat","background-position":"center center","background-size":"auto","background-attachment":"scroll","background-type":"","background-media":"","overlay-type":"","overlay-color":"","overlay-opacity":"","overlay-gradient":""},"tablet":{"background-color":"","background-image":"","background-repeat":"repeat","background-position":"center center","background-size":"auto","background-attachment":"scroll","background-type":"","background-media":"","overlay-type":"","overlay-color":"","overlay-opacity":"","overlay-gradient":""},"mobile":{"background-color":"","background-image":"","background-repeat":"repeat","background-position":"center center","background-size":"auto","background-attachment":"scroll","background-type":"","background-media":"","overlay-type":"","overlay-color":"","overlay-opacity":"","overlay-gradient":""}},"ast-content-background-meta":{"desktop":{"background-color":"var(--ast-global-color-5)","background-image":"","background-repeat":"repeat","background-position":"center center","background-size":"auto","background-attachment":"scroll","background-type":"","background-media":"","overlay-type":"","overlay-color":"","overlay-opacity":"","overlay-gradient":""},"tablet":{"background-color":"var(--ast-global-color-5)","background-image":"","background-repeat":"repeat","background-position":"center center","background-size":"auto","background-attachment":"scroll","background-type":"","background-media":"","overlay-type":"","overlay-color":"","overlay-opacity":"","overlay-gradient":""},"mobile":{"background-color":"var(--ast-global-color-5)","background-image":"","background-repeat":"repeat","background-position":"center center","background-size":"auto","background-attachment":"scroll","background-type":"","background-media":"","overlay-type":"","overlay-color":"","overlay-opacity":"","overlay-gradient":""}},"footnotes":""},"categories":[1],"tags":[],"class_list":["post-1830","post","type-post","status-publish","format-standard","has-post-thumbnail","hentry","category-bez-kategorii"],"_links":{"self":[{"href":"https:\/\/adwokatura-bialystok.pl\/index.php\/wp-json\/wp\/v2\/posts\/1830","targetHints":{"allow":["GET"]}}],"collection":[{"href":"https:\/\/adwokatura-bialystok.pl\/index.php\/wp-json\/wp\/v2\/posts"}],"about":[{"href":"https:\/\/adwokatura-bialystok.pl\/index.php\/wp-json\/wp\/v2\/types\/post"}],"author":[{"embeddable":true,"href":"https:\/\/adwokatura-bialystok.pl\/index.php\/wp-json\/wp\/v2\/users\/1"}],"replies":[{"embeddable":true,"href":"https:\/\/adwokatura-bialystok.pl\/index.php\/wp-json\/wp\/v2\/comments?post=1830"}],"version-history":[{"count":1,"href":"https:\/\/adwokatura-bialystok.pl\/index.php\/wp-json\/wp\/v2\/posts\/1830\/revisions"}],"predecessor-version":[{"id":1832,"href":"https:\/\/adwokatura-bialystok.pl\/index.php\/wp-json\/wp\/v2\/posts\/1830\/revisions\/1832"}],"wp:featuredmedia":[{"embeddable":true,"href":"https:\/\/adwokatura-bialystok.pl\/index.php\/wp-json\/wp\/v2\/media\/1831"}],"wp:attachment":[{"href":"https:\/\/adwokatura-bialystok.pl\/index.php\/wp-json\/wp\/v2\/media?parent=1830"}],"wp:term":[{"taxonomy":"category","embeddable":true,"href":"https:\/\/adwokatura-bialystok.pl\/index.php\/wp-json\/wp\/v2\/categories?post=1830"},{"taxonomy":"post_tag","embeddable":true,"href":"https:\/\/adwokatura-bialystok.pl\/index.php\/wp-json\/wp\/v2\/tags?post=1830"}],"curies":[{"name":"wp","href":"https:\/\/api.w.org\/{rel}","templated":true}]}}