{"id":1863,"date":"2024-07-19T12:42:06","date_gmt":"2024-07-19T10:42:06","guid":{"rendered":"http:\/\/serwer168869.lh.pl\/autoinstalator\/serwer168869.lh.pl\/wordpress74863\/?p=1863"},"modified":"2024-07-19T12:42:06","modified_gmt":"2024-07-19T10:42:06","slug":"bialystok-adwokat-sylwia-tokarzewska-czy-jest-mozliwa-zmiana-kontaktow-z-dziecmi-po-rozwodzie","status":"publish","type":"post","link":"https:\/\/adwokatura-bialystok.pl\/index.php\/2024\/07\/19\/bialystok-adwokat-sylwia-tokarzewska-czy-jest-mozliwa-zmiana-kontaktow-z-dziecmi-po-rozwodzie\/","title":{"rendered":"Bia\u0142ystok Adwokat Sylwia Tokarzewska &#8211; Czy jest mo\u017cliwa zmiana kontakt\u00f3w z dzie\u0107mi po rozwodzie?"},"content":{"rendered":"<article>\n<p style=\"text-align: justify;\">\n<p style=\"text-align: justify;\">\n<h2 style=\"text-align: justify;\">Gdzie orzeka si\u0119 o zmianie kontakt\u00f3w z dzie\u0107mi?<\/h2>\n<p style=\"text-align: justify;\">Jak jak napisali\u015bmy w pierwszym akapicie &#8211; <strong>Sprawa kontakt\u00f3w z dzie\u0107mi<\/strong> nie jest tak samo ostateczna jak <strong>rozw\u00f3d<\/strong> czy <strong>orzeczenie dotycz\u0105ce podziale maj\u0105tku<\/strong>. S\u0105d, kt\u00f3ry orzeka w sprawach kontakt\u00f3w z dzie\u0107mi to S\u0105d Rejonowy, a dok\u0142adnie wydzia\u0142 rodzinny. Nawet, gdy kontakty te zosta\u0142y ustalone przez S\u0105d Okr\u0119gowy to <strong>po rozwodzie<\/strong> zmian\u0119 tych kontakt\u00f3w b\u0119dzie w r\u0119kach S\u0105du Rejonowego. Wniosek o tak\u0105 zmian\u0119 trzeba kierowa\u0107 do s\u0105du opieku\u0144czego w\u0142a\u015bciwego dla miejsca zamieszkania osoby, kt\u00f3rej dotyczy ta sprawa, czyli dziecka.<\/p>\n<h2 style=\"text-align: justify;\">Jakie s\u0105 podstawy do wniosku o zmian\u0119 kontakt\u00f3w z dzie\u0107mi?<\/h2>\n<p style=\"text-align: justify;\">Jak zawsze przy ka\u017cdej sprawie zwi\u0105zanej z dzie\u0107mi najwa\u017cniejsze jest dobro dziecka. M\u00f3wi o tym Kodeks rodzinny i opieku\u0144czy.<\/p>\n<h2 style=\"text-align: justify;\">Gdy chcemy rozszerzenia kontakt\u00f3w<\/h2>\n<p style=\"text-align: justify;\">Gdy chcemy uzyska\u0107 <strong>rozszerzenie kontakt\u00f3w z dzie\u0107mi<\/strong> nie mo\u017cemy we wniosku zaznacza\u0107, \u017ce \u201cjeste\u015bmy ju\u017c gotowi na wi\u0119cej spotka\u0144\u201d i tym podobnych. Najcz\u0119\u015bciej wyst\u0105pienie z wnioskiem jest mo\u017cliwe gdy kontakty nie s\u0105 respektowane przez rodzica, u kt\u00f3rego przebywa dziecko. Mo\u017cemy to te\u017c wykona\u0107 w sytuacji dla poprawy relacji rodzica uprawnionego do kontaktu z ma\u0142oletnim dzieckiem. Powodem mo\u017ce by\u0107 te\u017c wiek dziecka. Utrudnianie kontakt\u00f3w z dzieckiem przez rodzica jest mocn\u0105 podstaw\u0105 do zmiany tych kontakt\u00f3w.<\/p>\n<h2 style=\"text-align: justify;\">Gdy chcemy ograniczy\u0107 kontakty<\/h2>\n<p style=\"text-align: justify;\">Gdy kontakty nie s\u0105 zgodne z <strong>dobrem dziecka<\/strong> mo\u017cemy wnioskowa\u0107 o ich modyfikacj\u0119. Najcz\u0119stsze przyczyny wnioskowania o takie ograniczenie to negatywny wp\u0142yw rodzica na wychowanie dziecka. Innym powodem mo\u017ce by\u0107 nieodpowiednie realizowanie kontakt\u00f3w przez uprawnionego &#8211; na przyk\u0142ad zabieganie po niew\u0142a\u015bciwych miejsc czy spo\u017cywanie alkoholu w obecno\u015bci dziecka. Mo\u017ce to te\u017c by\u0107 s\u0142aba wi\u0119\u017a dziecka z uprawnionym do spotka\u0144.<\/p>\n<p style=\"text-align: justify;\">Dzi\u0119kujemy serdecznie za lektur\u0119. Mamy nadziej\u0119, \u017ce przybli\u017cyli\u015bmy Pa\u0144stwu temat <strong>zmiany kontakt\u00f3w z dzie\u0107mi<\/strong>. Zapraszamy do kontaktu z nasz\u0105 <strong>Bia\u0142ostock\u0105 Kancelari\u0105 Adwokack\u0105<\/strong>, kt\u00f3ra specjalizuje si\u0119 w <strong>prawie rodzinnym<\/strong> i mamy <strong>ogromne do\u015bwiadczenie<\/strong> w tego typu sprawach.<\/p>\n<\/article>\n","protected":false},"excerpt":{"rendered":"<p>Rozw\u00f3d to decyzja praktycznie ostateczna. Jednak czy tak samo jest z wyrokiem, w kt\u00f3rym rozstrzygni\u0119ta zosta\u0142a kwestia kontakt\u00f3w z dzie\u0107mi? Zapraszamy do lektury nowego artyku\u0142u na blogu Kancelarii Adwokackiej z Bia\u0142egostoku, kt\u00f3ra prowadzona jest przez mecenas Sylwi\u0119 Tokarzewsk\u0105.<\/p>\n","protected":false},"author":1,"featured_media":1864,"comment_status":"open","ping_status":"open","sticky":false,"template":"","format":"standard","meta":{"inline_featured_image":false,"site-sidebar-layout":"default","site-content-layout":"","ast-site-content-layout":"default","site-content-style":"default","site-sidebar-style":"default","ast-global-header-display":"","ast-banner-title-visibility":"","ast-main-header-display":"","ast-hfb-above-header-display":"","ast-hfb-below-header-display":"","ast-hfb-mobile-header-display":"","site-post-title":"","ast-breadcrumbs-content":"","ast-featured-img":"","footer-sml-layout":"","theme-transparent-header-meta":"default","adv-header-id-meta":"","stick-header-meta":"","header-above-stick-meta":"","header-main-stick-meta":"","header-below-stick-meta":"","astra-migrate-meta-layouts":"set","ast-page-background-enabled":"default","ast-page-background-meta":{"desktop":{"background-color":"var(--ast-global-color-4)","background-image":"","background-repeat":"repeat","background-position":"center center","background-size":"auto","background-attachment":"scroll","background-type":"","background-media":"","overlay-type":"","overlay-color":"","overlay-opacity":"","overlay-gradient":""},"tablet":{"background-color":"","background-image":"","background-repeat":"repeat","background-position":"center center","background-size":"auto","background-attachment":"scroll","background-type":"","background-media":"","overlay-type":"","overlay-color":"","overlay-opacity":"","overlay-gradient":""},"mobile":{"background-color":"","background-image":"","background-repeat":"repeat","background-position":"center center","background-size":"auto","background-attachment":"scroll","background-type":"","background-media":"","overlay-type":"","overlay-color":"","overlay-opacity":"","overlay-gradient":""}},"ast-content-background-meta":{"desktop":{"background-color":"var(--ast-global-color-5)","background-image":"","background-repeat":"repeat","background-position":"center center","background-size":"auto","background-attachment":"scroll","background-type":"","background-media":"","overlay-type":"","overlay-color":"","overlay-opacity":"","overlay-gradient":""},"tablet":{"background-color":"var(--ast-global-color-5)","background-image":"","background-repeat":"repeat","background-position":"center center","background-size":"auto","background-attachment":"scroll","background-type":"","background-media":"","overlay-type":"","overlay-color":"","overlay-opacity":"","overlay-gradient":""},"mobile":{"background-color":"var(--ast-global-color-5)","background-image":"","background-repeat":"repeat","background-position":"center center","background-size":"auto","background-attachment":"scroll","background-type":"","background-media":"","overlay-type":"","overlay-color":"","overlay-opacity":"","overlay-gradient":""}},"footnotes":""},"categories":[1],"tags":[],"class_list":["post-1863","post","type-post","status-publish","format-standard","has-post-thumbnail","hentry","category-bez-kategorii"],"_links":{"self":[{"href":"https:\/\/adwokatura-bialystok.pl\/index.php\/wp-json\/wp\/v2\/posts\/1863","targetHints":{"allow":["GET"]}}],"collection":[{"href":"https:\/\/adwokatura-bialystok.pl\/index.php\/wp-json\/wp\/v2\/posts"}],"about":[{"href":"https:\/\/adwokatura-bialystok.pl\/index.php\/wp-json\/wp\/v2\/types\/post"}],"author":[{"embeddable":true,"href":"https:\/\/adwokatura-bialystok.pl\/index.php\/wp-json\/wp\/v2\/users\/1"}],"replies":[{"embeddable":true,"href":"https:\/\/adwokatura-bialystok.pl\/index.php\/wp-json\/wp\/v2\/comments?post=1863"}],"version-history":[{"count":1,"href":"https:\/\/adwokatura-bialystok.pl\/index.php\/wp-json\/wp\/v2\/posts\/1863\/revisions"}],"predecessor-version":[{"id":1865,"href":"https:\/\/adwokatura-bialystok.pl\/index.php\/wp-json\/wp\/v2\/posts\/1863\/revisions\/1865"}],"wp:featuredmedia":[{"embeddable":true,"href":"https:\/\/adwokatura-bialystok.pl\/index.php\/wp-json\/wp\/v2\/media\/1864"}],"wp:attachment":[{"href":"https:\/\/adwokatura-bialystok.pl\/index.php\/wp-json\/wp\/v2\/media?parent=1863"}],"wp:term":[{"taxonomy":"category","embeddable":true,"href":"https:\/\/adwokatura-bialystok.pl\/index.php\/wp-json\/wp\/v2\/categories?post=1863"},{"taxonomy":"post_tag","embeddable":true,"href":"https:\/\/adwokatura-bialystok.pl\/index.php\/wp-json\/wp\/v2\/tags?post=1863"}],"curies":[{"name":"wp","href":"https:\/\/api.w.org\/{rel}","templated":true}]}}