{"id":2330,"date":"2025-10-29T09:23:30","date_gmt":"2025-10-29T08:23:30","guid":{"rendered":"https:\/\/adwokatura-bialystok.pl\/?p=2330"},"modified":"2025-10-29T09:23:30","modified_gmt":"2025-10-29T08:23:30","slug":"rozwod-bez-sadu-zmiany-w-polskim-prawie-rodzinnym","status":"publish","type":"post","link":"https:\/\/adwokatura-bialystok.pl\/index.php\/2025\/10\/29\/rozwod-bez-sadu-zmiany-w-polskim-prawie-rodzinnym\/","title":{"rendered":"Rozw\u00f3d bez s\u0105du? Zmiany w polskim prawie rodzinnym"},"content":{"rendered":"<p><strong>\u2696\ufe0f Rozw\u00f3d bez s\u0105du -nadchodzi zmiana w polskim prawie rodzinnym.<\/strong><br \/>\nMinisterstwo Sprawiedliwo\u015bci pracuje nad ustaw\u0105, kt\u00f3ra umo\u017cliwi\u0142aby rozwi\u0105zanie ma\u0142\u017ce\u0144stwa bez udzia\u0142u s\u0105du, przez urz\u0119dnika stanu cywilnego. Celem projektu jest uproszczenie i przyspieszenie procedury, szczeg\u00f3lnie w przypadkach, w kt\u00f3rych obie strony zgadzaj\u0105 si\u0119 na rozw\u00f3d i nie maj\u0105 wsp\u00f3lnych ma\u0142oletnich dzieci.<br \/>\n\ud83d\udcdc Kluczowe za\u0142o\u017cenia projektu:<br \/>\n<strong>Rozw\u00f3d pozas\u0105dowy<\/strong> b\u0119dzie mo\u017cliwy tylko wtedy, gdy ma\u0142\u017conkowie:<br \/>\n\ud83d\udd39nie maj\u0105 wsp\u00f3lnych ma\u0142oletnich dzieci,<br \/>\n\ud83d\udd39s\u0105 ma\u0142\u017ce\u0144stwem co najmniej <strong>rok<\/strong>,<br \/>\n\ud83d\udd39zgodnie potwierdzaj\u0105, \u017ce nast\u0105pi\u0142 \u201ezupe\u0142ny i trwa\u0142y rozk\u0142ad po\u017cycia\u201d.<br \/>\nProcedura b\u0119dzie dwuetapowa: najpierw \u2013 <strong>o\u015bwiadczenia stron<\/strong>; p\u00f3\u017aniej \u2013<strong>potwierdzenie przed kierownikiem urz\u0119du stanu cywilnego<\/strong> i wpis do rejestru stanu cywilnego.<br \/>\nKierownik USC b\u0119dzie weryfikowa\u0142 spe\u0142nienie przes\u0142anek i dokonywa\u0142 odpowiedniego wpisu. W razie stwierdzenia, \u017ce warunki nie zosta\u0142y spe\u0142nione (np. istnienie ma\u0142oletnich dzieci) nast\u0119puje odmowa przyj\u0119cia wniosku.<br \/>\n<strong>\u2699\ufe0fCo si\u0119 zmienia i dlaczego?<\/strong><br \/>\nProjektodawcy zwracaj\u0105 uwag\u0119, \u017ce wi\u0119kszo\u015b\u0107 spraw rozwodowych w Polsce jest orzekana bez winy ma\u0142\u017conk\u00f3w, co oznacza, \u017ce obecny system s\u0105dowy cz\u0119sto pe\u0142ni funkcj\u0119 formaln\u0105 i bywa przeci\u0105\u017cony. Uproszczenie procedury w tych sytuacjach mo\u017ce przynie\u015b\u0107 korzy\u015bci:<br \/>\n\ud83d\udd39\u00a0Skr\u00f3cenie czasu post\u0119powania.<br \/>\n\ud83d\udd39\u00a0Zmniejszenie obci\u0105\u017cenia s\u0105d\u00f3w.<br \/>\n\ud83d\udd39 Zmniejszenie koszt\u00f3w i formalno\u015bci dla stron.<br \/>\n\ud83d\udd39 Mo\u017cliwo\u015b\u0107 dla stron, by bardziej samodzielnie rozstrzyga\u0107 sw\u00f3j los, gdy sytuacja jest jednoznaczna.<\/p>\n<p>\u2757<strong>W\u0105tpliwo\u015bci i argumenty przeciw<\/strong><br \/>\nProjektowi towarzysz\u0105 r\u00f3wnie\u017c g\u0142osy krytyczne:<br \/>\n\ud83d\udd39\u00a0Podnoszona jest obawa, \u017ce rozw\u00f3d \u201eadministracyjny\u201d mo\u017ce zbyt \u0142atwo<br \/>\numo\u017cliwia\u0107 rozwi\u0105zywanie ma\u0142\u017ce\u0144stwa, co mo\u017ce oddzia\u0142ywa\u0107 na trwa\u0142o\u015b\u0107<br \/>\ninstytucji ma\u0142\u017ce\u0144stwa.<br \/>\n\ud83d\udd39\u00a0Zwraca si\u0119 uwag\u0119, \u017ce cho\u0107 procedura uproszczona b\u0119dzie \u2013 to nadal nie dla<br \/>\nwszystkich ma\u0142\u017ce\u0144stw: sytuacje z dzie\u0107mi, skomplikowan\u0105 w\u0142asno\u015bci\u0105 czy<br \/>\nkonfliktem \u2014 nadal powinny trafia\u0107 przed s\u0105d.<\/p>\n<p>\ud83d\udd52 <strong>Co dalej i kiedy wejdzie w \u017cycie?<\/strong><br \/>\nProjekt zosta\u0142 ju\u017c opracowany i dost\u0119pny jest pod linkiem: https:\/\/bip.brpo.gov.pl\/sites\/default\/files\/202507\/Do_MS_rozwod_pozasadowy_projekt_opinia_14_07_2025.pdf\u00a0 \u00a0Zgodnie z uzasadnieniem, ustawa mia\u0142aby wej\u015b\u0107 w \u017cycie po up\u0142ywie 6 miesi\u0119cy od jej og\u0142oszenia. Jednak nie ma jeszcze ostatecznego terminu uchwalenia \u2014 reforma nadal jest w toku.<\/p>\n","protected":false},"excerpt":{"rendered":"<p>\u2696\ufe0f Rozw\u00f3d bez s\u0105du -nadchodzi zmiana w polskim prawie rodzinnym. Ministerstwo Sprawiedliwo\u015bci pracuje nad ustaw\u0105, kt\u00f3ra umo\u017cliwi\u0142aby rozwi\u0105zanie ma\u0142\u017ce\u0144stwa bez udzia\u0142u s\u0105du, przez urz\u0119dnika stanu cywilnego. Celem projektu jest uproszczenie i przyspieszenie procedury, szczeg\u00f3lnie w przypadkach, w kt\u00f3rych obie strony zgadzaj\u0105 si\u0119 na rozw\u00f3d i nie maj\u0105 wsp\u00f3lnych ma\u0142oletnich dzieci. \ud83d\udcdc Kluczowe za\u0142o\u017cenia projektu: Rozw\u00f3d [&hellip;]<\/p>\n","protected":false},"author":4,"featured_media":2199,"comment_status":"closed","ping_status":"open","sticky":false,"template":"","format":"standard","meta":{"inline_featured_image":false,"site-sidebar-layout":"default","site-content-layout":"","ast-site-content-layout":"default","site-content-style":"default","site-sidebar-style":"default","ast-global-header-display":"","ast-banner-title-visibility":"","ast-main-header-display":"","ast-hfb-above-header-display":"","ast-hfb-below-header-display":"","ast-hfb-mobile-header-display":"","site-post-title":"","ast-breadcrumbs-content":"","ast-featured-img":"","footer-sml-layout":"","theme-transparent-header-meta":"default","adv-header-id-meta":"","stick-header-meta":"","header-above-stick-meta":"","header-main-stick-meta":"","header-below-stick-meta":"","astra-migrate-meta-layouts":"set","ast-page-background-enabled":"default","ast-page-background-meta":{"desktop":{"background-color":"var(--ast-global-color-4)","background-image":"","background-repeat":"repeat","background-position":"center center","background-size":"auto","background-attachment":"scroll","background-type":"","background-media":"","overlay-type":"","overlay-color":"","overlay-opacity":"","overlay-gradient":""},"tablet":{"background-color":"","background-image":"","background-repeat":"repeat","background-position":"center center","background-size":"auto","background-attachment":"scroll","background-type":"","background-media":"","overlay-type":"","overlay-color":"","overlay-opacity":"","overlay-gradient":""},"mobile":{"background-color":"","background-image":"","background-repeat":"repeat","background-position":"center center","background-size":"auto","background-attachment":"scroll","background-type":"","background-media":"","overlay-type":"","overlay-color":"","overlay-opacity":"","overlay-gradient":""}},"ast-content-background-meta":{"desktop":{"background-color":"var(--ast-global-color-5)","background-image":"","background-repeat":"repeat","background-position":"center center","background-size":"auto","background-attachment":"scroll","background-type":"","background-media":"","overlay-type":"","overlay-color":"","overlay-opacity":"","overlay-gradient":""},"tablet":{"background-color":"var(--ast-global-color-5)","background-image":"","background-repeat":"repeat","background-position":"center center","background-size":"auto","background-attachment":"scroll","background-type":"","background-media":"","overlay-type":"","overlay-color":"","overlay-opacity":"","overlay-gradient":""},"mobile":{"background-color":"var(--ast-global-color-5)","background-image":"","background-repeat":"repeat","background-position":"center center","background-size":"auto","background-attachment":"scroll","background-type":"","background-media":"","overlay-type":"","overlay-color":"","overlay-opacity":"","overlay-gradient":""}},"footnotes":""},"categories":[1],"tags":[17,18,21,19,20],"class_list":["post-2330","post","type-post","status-publish","format-standard","has-post-thumbnail","hentry","category-bez-kategorii","tag-rozwod","tag-rozwod-administracyjny","tag-rozwod-bez-orzekania-o-winie","tag-rozwod-bez-sadu","tag-rozwod-bez-winy"],"_links":{"self":[{"href":"https:\/\/adwokatura-bialystok.pl\/index.php\/wp-json\/wp\/v2\/posts\/2330","targetHints":{"allow":["GET"]}}],"collection":[{"href":"https:\/\/adwokatura-bialystok.pl\/index.php\/wp-json\/wp\/v2\/posts"}],"about":[{"href":"https:\/\/adwokatura-bialystok.pl\/index.php\/wp-json\/wp\/v2\/types\/post"}],"author":[{"embeddable":true,"href":"https:\/\/adwokatura-bialystok.pl\/index.php\/wp-json\/wp\/v2\/users\/4"}],"replies":[{"embeddable":true,"href":"https:\/\/adwokatura-bialystok.pl\/index.php\/wp-json\/wp\/v2\/comments?post=2330"}],"version-history":[{"count":1,"href":"https:\/\/adwokatura-bialystok.pl\/index.php\/wp-json\/wp\/v2\/posts\/2330\/revisions"}],"predecessor-version":[{"id":2331,"href":"https:\/\/adwokatura-bialystok.pl\/index.php\/wp-json\/wp\/v2\/posts\/2330\/revisions\/2331"}],"wp:featuredmedia":[{"embeddable":true,"href":"https:\/\/adwokatura-bialystok.pl\/index.php\/wp-json\/wp\/v2\/media\/2199"}],"wp:attachment":[{"href":"https:\/\/adwokatura-bialystok.pl\/index.php\/wp-json\/wp\/v2\/media?parent=2330"}],"wp:term":[{"taxonomy":"category","embeddable":true,"href":"https:\/\/adwokatura-bialystok.pl\/index.php\/wp-json\/wp\/v2\/categories?post=2330"},{"taxonomy":"post_tag","embeddable":true,"href":"https:\/\/adwokatura-bialystok.pl\/index.php\/wp-json\/wp\/v2\/tags?post=2330"}],"curies":[{"name":"wp","href":"https:\/\/api.w.org\/{rel}","templated":true}]}}