{"id":2347,"date":"2025-12-10T09:17:15","date_gmt":"2025-12-10T08:17:15","guid":{"rendered":"https:\/\/adwokatura-bialystok.pl\/?p=2347"},"modified":"2025-12-10T09:18:23","modified_gmt":"2025-12-10T08:18:23","slug":"jestes-po-rozwodzie-masz-wiecej-czasu-by-wrocic-do-swojego-poprzedniego-nazwiska","status":"publish","type":"post","link":"https:\/\/adwokatura-bialystok.pl\/index.php\/2025\/12\/10\/jestes-po-rozwodzie-masz-wiecej-czasu-by-wrocic-do-swojego-poprzedniego-nazwiska\/","title":{"rendered":"Jeste\u015b po rozwodzie? Masz wi\u0119cej czasu, by wr\u00f3ci\u0107 do swojego poprzedniego nazwiska"},"content":{"rendered":"<p>\ud83d\uddd3\ufe0fOd 8 pa\u017adziernika 2025 r. zmieni\u0142 si\u0119 przepis, kt\u00f3ry pozwala Ci spokojnie zdecydowa\u0107, czy chcesz wr\u00f3ci\u0107 do nazwiska sprzed \u015blubu.<br \/>\n<strong>\u2705 Co si\u0119 zmienia?<\/strong><br \/>\nDo tej pory, po rozwodzie, by\u0142y ma\u0142\u017conek mia\u0142 tylko 3 miesi\u0105ce na z\u0142o\u017cenie o\u015bwiadczenia o powrocie do nazwiska sprzed \u015blubu. Teraz dzi\u0119ki nowelizacji Kodeksu rodzinnego i opieku\u0144czego, ten czas zostaje wyd\u0142u\u017cony do <strong>12 miesi\u0119cy<\/strong>. Oznacza to, \u017ce masz ca\u0142y rok, by spokojnie przemy\u015ble\u0107 decyzj\u0119.<br \/>\n<strong>Dlaczego to wa\u017cne?<\/strong><br \/>\nZmiana ma u\u0142atwi\u0107 \u017cycie osobom po rozwodzie. Cz\u0119sto formalno\u015bci: dor\u0119czenie odpisu orzeczenia rozwodowego, powr\u00f3t z s\u0105du, za\u0142atwianie spraw urz\u0119dowych zabieraj\u0105 wi\u0119cej czasu, ni\u017c przewidziano w pierwotnym terminie. Dzi\u0119ki wyd\u0142u\u017ceniu okresu, nie musisz si\u0119 spieszy\u0107. Masz czas na zastanowienie, rozmowy, uporz\u0105dkowanie spraw bez presji.<br \/>\n<strong>Czy musisz wraca\u0107 do starego nazwiska?<\/strong><br \/>\nNie, zmiana nazwiska nie jest obowi\u0105zkowa. Mo\u017cesz zachowa\u0107 nazwisko po ma\u0142\u017ce\u0144stwie. W praktyce s\u0105dy traktuj\u0105 nazwisko jako dobro osobiste: decyzja o pozostaniu przy nazwisku po by\u0142ym partnerze nale\u017cy do Ciebie, o ile nikt nie czuje si\u0119 przez to pokrzywdzony.<br \/>\n<strong>Co z nazwiskiem dziecka?\ud83d\udc76<\/strong><br \/>\nJe\u015bli oboje rodzice zdecyduj\u0105 si\u0119 na powr\u00f3t do dawnych nazwisk, zmiana ta mo\u017ce r\u00f3wnie\u017c obj\u0105\u0107 ma\u0142oletnie dzieci. Jednak potrzebna jest zgoda drugiego rodzica, chyba, \u017ce nie ma on zdolno\u015bci do czynno\u015bci prawnych, jest pozbawiony w\u0142adzy rodzicielskiej lub nie \u017cyje.<br \/>\n<strong>Dlaczego warto\u00a0 si\u0119 z nami skontaktowa\u0107?\ud83d\udcf2<\/strong><br \/>\nJe\u015bli planujesz wr\u00f3ci\u0107 do poprzedniego nazwiska po rozwodzie, warto dzia\u0142a\u0107 \u015bwiadomie. Jako kancelaria ch\u0119tnie pomo\u017cemy Ci:<br \/>\n\u27a1\ufe0f sprawdzi\u0107, czy w Twoim przypadku nadal obowi\u0105zuje mo\u017cliwo\u015b\u0107 powrotu do<br \/>\nstarego nazwiska,<br \/>\n\u27a1\ufe0fprzygotowa\u0107 i z\u0142o\u017cy\u0107 o\u015bwiadczenie przed urz\u0119dnikiem,<br \/>\n\u27a1\ufe0fdoradzi\u0107, czy decyzja o zachowaniu lub zmianie nazwiska ma sens w \u015bwietle Twojej sytuacji (np. je\u015bli masz dzieci).<\/p>\n","protected":false},"excerpt":{"rendered":"<p>\ud83d\uddd3\ufe0fOd 8 pa\u017adziernika 2025 r. zmieni\u0142 si\u0119 przepis, kt\u00f3ry pozwala Ci spokojnie zdecydowa\u0107, czy chcesz wr\u00f3ci\u0107 do nazwiska sprzed \u015blubu. \u2705 Co si\u0119 zmienia? Do tej pory, po rozwodzie, by\u0142y ma\u0142\u017conek mia\u0142 tylko 3 miesi\u0105ce na z\u0142o\u017cenie o\u015bwiadczenia o powrocie do nazwiska sprzed \u015blubu. Teraz dzi\u0119ki nowelizacji Kodeksu rodzinnego i opieku\u0144czego, ten czas zostaje wyd\u0142u\u017cony [&hellip;]<\/p>\n","protected":false},"author":4,"featured_media":2350,"comment_status":"closed","ping_status":"open","sticky":false,"template":"","format":"standard","meta":{"inline_featured_image":false,"site-sidebar-layout":"default","site-content-layout":"","ast-site-content-layout":"default","site-content-style":"default","site-sidebar-style":"default","ast-global-header-display":"","ast-banner-title-visibility":"","ast-main-header-display":"","ast-hfb-above-header-display":"","ast-hfb-below-header-display":"","ast-hfb-mobile-header-display":"","site-post-title":"","ast-breadcrumbs-content":"","ast-featured-img":"","footer-sml-layout":"","theme-transparent-header-meta":"default","adv-header-id-meta":"","stick-header-meta":"","header-above-stick-meta":"","header-main-stick-meta":"","header-below-stick-meta":"","astra-migrate-meta-layouts":"set","ast-page-background-enabled":"default","ast-page-background-meta":{"desktop":{"background-color":"var(--ast-global-color-4)","background-image":"","background-repeat":"repeat","background-position":"center center","background-size":"auto","background-attachment":"scroll","background-type":"","background-media":"","overlay-type":"","overlay-color":"","overlay-opacity":"","overlay-gradient":""},"tablet":{"background-color":"","background-image":"","background-repeat":"repeat","background-position":"center center","background-size":"auto","background-attachment":"scroll","background-type":"","background-media":"","overlay-type":"","overlay-color":"","overlay-opacity":"","overlay-gradient":""},"mobile":{"background-color":"","background-image":"","background-repeat":"repeat","background-position":"center center","background-size":"auto","background-attachment":"scroll","background-type":"","background-media":"","overlay-type":"","overlay-color":"","overlay-opacity":"","overlay-gradient":""}},"ast-content-background-meta":{"desktop":{"background-color":"var(--ast-global-color-5)","background-image":"","background-repeat":"repeat","background-position":"center center","background-size":"auto","background-attachment":"scroll","background-type":"","background-media":"","overlay-type":"","overlay-color":"","overlay-opacity":"","overlay-gradient":""},"tablet":{"background-color":"var(--ast-global-color-5)","background-image":"","background-repeat":"repeat","background-position":"center center","background-size":"auto","background-attachment":"scroll","background-type":"","background-media":"","overlay-type":"","overlay-color":"","overlay-opacity":"","overlay-gradient":""},"mobile":{"background-color":"var(--ast-global-color-5)","background-image":"","background-repeat":"repeat","background-position":"center center","background-size":"auto","background-attachment":"scroll","background-type":"","background-media":"","overlay-type":"","overlay-color":"","overlay-opacity":"","overlay-gradient":""}},"footnotes":""},"categories":[1],"tags":[17,31],"class_list":["post-2347","post","type-post","status-publish","format-standard","has-post-thumbnail","hentry","category-bez-kategorii","tag-rozwod","tag-zmiana-nazwiska"],"_links":{"self":[{"href":"https:\/\/adwokatura-bialystok.pl\/index.php\/wp-json\/wp\/v2\/posts\/2347","targetHints":{"allow":["GET"]}}],"collection":[{"href":"https:\/\/adwokatura-bialystok.pl\/index.php\/wp-json\/wp\/v2\/posts"}],"about":[{"href":"https:\/\/adwokatura-bialystok.pl\/index.php\/wp-json\/wp\/v2\/types\/post"}],"author":[{"embeddable":true,"href":"https:\/\/adwokatura-bialystok.pl\/index.php\/wp-json\/wp\/v2\/users\/4"}],"replies":[{"embeddable":true,"href":"https:\/\/adwokatura-bialystok.pl\/index.php\/wp-json\/wp\/v2\/comments?post=2347"}],"version-history":[{"count":1,"href":"https:\/\/adwokatura-bialystok.pl\/index.php\/wp-json\/wp\/v2\/posts\/2347\/revisions"}],"predecessor-version":[{"id":2351,"href":"https:\/\/adwokatura-bialystok.pl\/index.php\/wp-json\/wp\/v2\/posts\/2347\/revisions\/2351"}],"wp:featuredmedia":[{"embeddable":true,"href":"https:\/\/adwokatura-bialystok.pl\/index.php\/wp-json\/wp\/v2\/media\/2350"}],"wp:attachment":[{"href":"https:\/\/adwokatura-bialystok.pl\/index.php\/wp-json\/wp\/v2\/media?parent=2347"}],"wp:term":[{"taxonomy":"category","embeddable":true,"href":"https:\/\/adwokatura-bialystok.pl\/index.php\/wp-json\/wp\/v2\/categories?post=2347"},{"taxonomy":"post_tag","embeddable":true,"href":"https:\/\/adwokatura-bialystok.pl\/index.php\/wp-json\/wp\/v2\/tags?post=2347"}],"curies":[{"name":"wp","href":"https:\/\/api.w.org\/{rel}","templated":true}]}}